{"id":20295,"date":"2024-03-07T11:02:20","date_gmt":"2024-03-07T14:02:20","guid":{"rendered":"https:\/\/radiostudiow.com.br\/site\/?p=20295"},"modified":"2025-01-31T15:02:08","modified_gmt":"2025-01-31T18:02:08","slug":"policia-civil-de-irati-prende-homem-condenado-por-estupro-de-vulneravel","status":"publish","type":"post","link":"https:\/\/radiostudiow.com.br\/site\/2024\/03\/07\/policia-civil-de-irati-prende-homem-condenado-por-estupro-de-vulneravel\/","title":{"rendered":"Pol\u00edcia Civil de Irati prende homem condenado por estupro de vulner\u00e1vel"},"content":{"rendered":"\n<p>Policiais da 41\u00aa Delegacia de Pol\u00edcia Civil de Irati deram cumprimento a um mandado de pris\u00e3o de um masculino, de 50 anos, condenado por estupro de vulner\u00e1vel na manh\u00e3 de ter\u00e7a-feira (05). V\u00edtima tinha 12 anos na \u00e9poca dos fatos.<\/p>\n\n\n\n<figure class=\"wp-block-image size-full\"><img decoding=\"async\" src=\"https:\/\/radiostudiow.com.br\/site\/wp-content\/uploads\/2023\/10\/SITE-GRANDE2.png\" alt=\"\" class=\"wp-image-16368\"\/><\/figure>\n\n\n\n<p>Os fatos que ensejaram a pris\u00e3o ocorreram em 2019, e foram levados ao conhecimento da Pol\u00edcia Civil naquele ano. Instaurado o Inqu\u00e9rito Policial respectivo para apura\u00e7\u00e3o dos fatos, as investiga\u00e7\u00f5es foram conclu\u00eddas em 2020, com indiciamento do autor pelo crime de estupro de vulner\u00e1vel.<\/p>\n\n\n\n<p>Com o oferecimento da den\u00fancia pelo Minist\u00e9rio P\u00fablico, foi iniciada a fase judicial, na qual o autor teve assegurado seu direito \u00e0 ampla defesa e ao contradit\u00f3rio.<\/p>\n\n\n\n<p>Diante dos elementos colhidos em fase de Inqu\u00e9rito Policial, somadas as provas apresentadas pelo Minist\u00e9rio P\u00fablico no bojo do processo, em 2022, houve a condena\u00e7\u00e3o em primeira inst\u00e2ncia do indiv\u00edduo.<\/p>\n\n\n\n<figure class=\"wp-block-image size-large\"><img decoding=\"async\" src=\"https:\/\/radiostudiow.com.br\/site\/wp-content\/uploads\/2024\/02\/capa-1024x387.jpg\" alt=\"\" class=\"wp-image-19551\"\/><\/figure>\n\n\n\n<p>Com o tr\u00e2nsito em julgado em abril de 2023, foi expedido o mandado de pris\u00e3o definitiva do indiv\u00edduo, o qual, at\u00e9 a presente data, se encontrava foragido. Gra\u00e7as ao trabalho investigat\u00f3rio dos Policiais Civis de Irati, foi poss\u00edvel localizar o apenado.<\/p>\n\n\n\n<p>Diante da informa\u00e7\u00e3o do seu paradeiro, foi dado cumprimento ao mandado de pris\u00e3o. O indiv\u00edduo foi entregue ao Departamento de Pol\u00edcia Penal e est\u00e1 apto a cumprir a pena \u00e0 qual foi condenado.<\/p>\n","protected":false},"excerpt":{"rendered":"<p>Policiais da 41\u00aa Delegacia de Pol\u00edcia Civil de Irati deram cumprimento a um mandado de pris\u00e3o de um masculino, de 50 anos, condenado por estupro de vulner\u00e1vel na manh\u00e3 de ter\u00e7a-feira (05). V\u00edtima tinha 12 anos na \u00e9poca dos fatos. Os fatos que ensejaram a pris\u00e3o ocorreram em 2019, e foram levados ao conhecimento da [&hellip;]<\/p>\n","protected":false},"author":2,"featured_media":17394,"comment_status":"open","ping_status":"open","sticky":false,"template":"","format":"standard","meta":{"footnotes":""},"categories":[2],"tags":[172],"class_list":["post-20295","post","type-post","status-publish","format-standard","has-post-thumbnail","hentry","category-policial","tag-featured"],"amp_enabled":true,"_links":{"self":[{"href":"https:\/\/radiostudiow.com.br\/site\/wp-json\/wp\/v2\/posts\/20295","targetHints":{"allow":["GET"]}}],"collection":[{"href":"https:\/\/radiostudiow.com.br\/site\/wp-json\/wp\/v2\/posts"}],"about":[{"href":"https:\/\/radiostudiow.com.br\/site\/wp-json\/wp\/v2\/types\/post"}],"author":[{"embeddable":true,"href":"https:\/\/radiostudiow.com.br\/site\/wp-json\/wp\/v2\/users\/2"}],"replies":[{"embeddable":true,"href":"https:\/\/radiostudiow.com.br\/site\/wp-json\/wp\/v2\/comments?post=20295"}],"version-history":[{"count":2,"href":"https:\/\/radiostudiow.com.br\/site\/wp-json\/wp\/v2\/posts\/20295\/revisions"}],"predecessor-version":[{"id":20302,"href":"https:\/\/radiostudiow.com.br\/site\/wp-json\/wp\/v2\/posts\/20295\/revisions\/20302"}],"wp:featuredmedia":[{"embeddable":true,"href":"https:\/\/radiostudiow.com.br\/site\/wp-json\/wp\/v2\/media\/17394"}],"wp:attachment":[{"href":"https:\/\/radiostudiow.com.br\/site\/wp-json\/wp\/v2\/media?parent=20295"}],"wp:term":[{"taxonomy":"category","embeddable":true,"href":"https:\/\/radiostudiow.com.br\/site\/wp-json\/wp\/v2\/categories?post=20295"},{"taxonomy":"post_tag","embeddable":true,"href":"https:\/\/radiostudiow.com.br\/site\/wp-json\/wp\/v2\/tags?post=20295"}],"curies":[{"name":"wp","href":"https:\/\/api.w.org\/{rel}","templated":true}]}}