{"id":20311,"date":"2024-03-07T10:55:55","date_gmt":"2024-03-07T13:55:55","guid":{"rendered":"https:\/\/radiostudiow.com.br\/site\/?p=20311"},"modified":"2025-01-31T15:02:08","modified_gmt":"2025-01-31T18:02:08","slug":"homem-e-preso-pela-pm-apos-agredir-mulher-em-sao-mateus-do-sul","status":"publish","type":"post","link":"https:\/\/radiostudiow.com.br\/site\/2024\/03\/07\/homem-e-preso-pela-pm-apos-agredir-mulher-em-sao-mateus-do-sul\/","title":{"rendered":"Homem \u00e9 preso pela PM ap\u00f3s agredir mulher em S\u00e3o Mateus do Sul"},"content":{"rendered":"\n<p>A equipe da Pol\u00edcia Militar de S\u00e3o Mateus do Sul foi acionada para uma ocorr\u00eancia de viol\u00eancia dom\u00e9stica por volta das 11:47 horas dessa ter\u00e7a-feira (05).<\/p>\n\n\n\n<figure class=\"wp-block-image size-full\"><img decoding=\"async\" src=\"https:\/\/radiostudiow.com.br\/site\/wp-content\/uploads\/2024\/01\/SITE-GRANDE4.png\" alt=\"\" class=\"wp-image-18920\"\/><\/figure>\n\n\n\n<p>No local, os policiais entraram em contato com a v\u00edtima, ela informou que ap\u00f3s uma discuss\u00e3o com seu convivente, ele teria lhe agredido.<\/p>\n\n\n\n<p>Os policiais coletaram informa\u00e7\u00f5es das caracter\u00edsticas f\u00edsicas do autor e logrou \u00eaxito em localizar e prender o agressor, o qual foi encaminhado juntamente da v\u00edtima at\u00e9 a delegacia de Pol\u00edcia Civil para os procedimentos cab\u00edveis.<\/p>\n","protected":false},"excerpt":{"rendered":"<p>A equipe da Pol\u00edcia Militar de S\u00e3o Mateus do Sul foi acionada para uma ocorr\u00eancia de viol\u00eancia dom\u00e9stica por volta das 11:47 horas dessa ter\u00e7a-feira (05). No local, os policiais entraram em contato com a v\u00edtima, ela informou que ap\u00f3s uma discuss\u00e3o com seu convivente, ele teria lhe agredido. Os policiais coletaram informa\u00e7\u00f5es das caracter\u00edsticas [&hellip;]<\/p>\n","protected":false},"author":2,"featured_media":0,"comment_status":"open","ping_status":"open","sticky":false,"template":"","format":"standard","meta":{"footnotes":""},"categories":[2],"tags":[172],"class_list":["post-20311","post","type-post","status-publish","format-standard","hentry","category-policial","tag-featured"],"amp_enabled":true,"_links":{"self":[{"href":"https:\/\/radiostudiow.com.br\/site\/wp-json\/wp\/v2\/posts\/20311","targetHints":{"allow":["GET"]}}],"collection":[{"href":"https:\/\/radiostudiow.com.br\/site\/wp-json\/wp\/v2\/posts"}],"about":[{"href":"https:\/\/radiostudiow.com.br\/site\/wp-json\/wp\/v2\/types\/post"}],"author":[{"embeddable":true,"href":"https:\/\/radiostudiow.com.br\/site\/wp-json\/wp\/v2\/users\/2"}],"replies":[{"embeddable":true,"href":"https:\/\/radiostudiow.com.br\/site\/wp-json\/wp\/v2\/comments?post=20311"}],"version-history":[{"count":2,"href":"https:\/\/radiostudiow.com.br\/site\/wp-json\/wp\/v2\/posts\/20311\/revisions"}],"predecessor-version":[{"id":20313,"href":"https:\/\/radiostudiow.com.br\/site\/wp-json\/wp\/v2\/posts\/20311\/revisions\/20313"}],"wp:attachment":[{"href":"https:\/\/radiostudiow.com.br\/site\/wp-json\/wp\/v2\/media?parent=20311"}],"wp:term":[{"taxonomy":"category","embeddable":true,"href":"https:\/\/radiostudiow.com.br\/site\/wp-json\/wp\/v2\/categories?post=20311"},{"taxonomy":"post_tag","embeddable":true,"href":"https:\/\/radiostudiow.com.br\/site\/wp-json\/wp\/v2\/tags?post=20311"}],"curies":[{"name":"wp","href":"https:\/\/api.w.org\/{rel}","templated":true}]}}