{"id":20324,"date":"2024-03-07T20:36:33","date_gmt":"2024-03-07T23:36:33","guid":{"rendered":"https:\/\/radiostudiow.com.br\/site\/?p=20324"},"modified":"2025-01-31T15:02:08","modified_gmt":"2025-01-31T18:02:08","slug":"homem-e-preso-por-trafico-de-drogas-em-uniao-da-vitoria-policia-apreendeu-maconha-ecstasy-e-balancas-de-precisao","status":"publish","type":"post","link":"https:\/\/radiostudiow.com.br\/site\/2024\/03\/07\/homem-e-preso-por-trafico-de-drogas-em-uniao-da-vitoria-policia-apreendeu-maconha-ecstasy-e-balancas-de-precisao\/","title":{"rendered":"Homem \u00e9 preso por tr\u00e1fico de drogas em Uni\u00e3o da Vit\u00f3ria. Pol\u00edcia apreendeu maconha, ecstasy e balan\u00e7as de precis\u00e3o"},"content":{"rendered":"\n<p>A equipe da Pol\u00edcia Militar de Uni\u00e3o da Vit\u00f3ria esteve mobilizada em mais uma ocorr\u00eancia de tr\u00e1fico de drogas que resultou em pris\u00e3o e apreens\u00f5es. A situa\u00e7\u00e3o aconteceu no bairro Panorama, no Distrito de S\u00e3o Crist\u00f3v\u00e3o, durante a noite dessa quarta-feira (06).<\/p>\n\n\n\n<figure class=\"wp-block-image size-full\"><img decoding=\"async\" src=\"https:\/\/radiostudiow.com.br\/site\/wp-content\/uploads\/2024\/01\/SITE-GRANDE.png\" alt=\"\" class=\"wp-image-18949\"\/><\/figure>\n\n\n\n<p>De acordo com informa\u00e7\u00f5es, durante patrulhamento foi avistado um homem com uma bicicleta, o qual demonstrou nervosismo ao se deparar com a viatura. Foi realizada a abordagem do suspeito e identificado, sendo encontrado com ele uma por\u00e7\u00e3o de maconha.<\/p>\n\n\n\n<p>Durante a situa\u00e7\u00e3o, o homem confessou ter mais il\u00edcitos em sua casa, sendo realizada a abordagem na resid\u00eancia e encontrado maconha, 39 unidades de ectasy, duas balan\u00e7as de precis\u00e3o e dinheiro em notas diversas. O homem foi detido e conduzido at\u00e9 a delegacia para provid\u00eancias.<\/p>\n\n\n\n<figure class=\"wp-block-image size-full is-resized\"><img decoding=\"async\" src=\"https:\/\/radiostudiow.com.br\/site\/wp-content\/uploads\/2024\/03\/SITE-MEDIO4.png\" alt=\"\" class=\"wp-image-20117\" style=\"width:539px;height:auto\"\/><\/figure>\n","protected":false},"excerpt":{"rendered":"<p>A equipe da Pol\u00edcia Militar de Uni\u00e3o da Vit\u00f3ria esteve mobilizada em mais uma ocorr\u00eancia de tr\u00e1fico de drogas que resultou em pris\u00e3o e apreens\u00f5es. A situa\u00e7\u00e3o aconteceu no bairro Panorama, no Distrito de S\u00e3o Crist\u00f3v\u00e3o, durante a noite dessa quarta-feira (06). De acordo com informa\u00e7\u00f5es, durante patrulhamento foi avistado um homem com uma bicicleta, [&hellip;]<\/p>\n","protected":false},"author":2,"featured_media":20338,"comment_status":"open","ping_status":"open","sticky":false,"template":"","format":"standard","meta":{"footnotes":""},"categories":[2],"tags":[172],"class_list":["post-20324","post","type-post","status-publish","format-standard","has-post-thumbnail","hentry","category-policial","tag-featured"],"amp_enabled":true,"_links":{"self":[{"href":"https:\/\/radiostudiow.com.br\/site\/wp-json\/wp\/v2\/posts\/20324","targetHints":{"allow":["GET"]}}],"collection":[{"href":"https:\/\/radiostudiow.com.br\/site\/wp-json\/wp\/v2\/posts"}],"about":[{"href":"https:\/\/radiostudiow.com.br\/site\/wp-json\/wp\/v2\/types\/post"}],"author":[{"embeddable":true,"href":"https:\/\/radiostudiow.com.br\/site\/wp-json\/wp\/v2\/users\/2"}],"replies":[{"embeddable":true,"href":"https:\/\/radiostudiow.com.br\/site\/wp-json\/wp\/v2\/comments?post=20324"}],"version-history":[{"count":3,"href":"https:\/\/radiostudiow.com.br\/site\/wp-json\/wp\/v2\/posts\/20324\/revisions"}],"predecessor-version":[{"id":20336,"href":"https:\/\/radiostudiow.com.br\/site\/wp-json\/wp\/v2\/posts\/20324\/revisions\/20336"}],"wp:featuredmedia":[{"embeddable":true,"href":"https:\/\/radiostudiow.com.br\/site\/wp-json\/wp\/v2\/media\/20338"}],"wp:attachment":[{"href":"https:\/\/radiostudiow.com.br\/site\/wp-json\/wp\/v2\/media?parent=20324"}],"wp:term":[{"taxonomy":"category","embeddable":true,"href":"https:\/\/radiostudiow.com.br\/site\/wp-json\/wp\/v2\/categories?post=20324"},{"taxonomy":"post_tag","embeddable":true,"href":"https:\/\/radiostudiow.com.br\/site\/wp-json\/wp\/v2\/tags?post=20324"}],"curies":[{"name":"wp","href":"https:\/\/api.w.org\/{rel}","templated":true}]}}