{"id":20329,"date":"2024-03-07T20:41:15","date_gmt":"2024-03-07T23:41:15","guid":{"rendered":"https:\/\/radiostudiow.com.br\/site\/?p=20329"},"modified":"2025-01-31T15:02:08","modified_gmt":"2025-01-31T18:02:08","slug":"fuga-de-presos-e-registrada-na-cadeia-de-sao-mateus-do-sul","status":"publish","type":"post","link":"https:\/\/radiostudiow.com.br\/site\/2024\/03\/07\/fuga-de-presos-e-registrada-na-cadeia-de-sao-mateus-do-sul\/","title":{"rendered":"Fuga de presos \u00e9 registrada na cadeia de S\u00e3o Mateus do Sul"},"content":{"rendered":"\n<p>Ao menos quatro detentos da cadeia p\u00fablica de S\u00e3o Mateus do Sul fugiram durante a madrugada desta quinta-feira, dia 07 de mar\u00e7o. Equipes de seguran\u00e7a p\u00fablica est\u00e3o \u00e0 procura dos foragidos.<\/p>\n\n\n\n<figure class=\"wp-block-image size-full\"><img loading=\"lazy\" decoding=\"async\" width=\"598\" height=\"204\" src=\"https:\/\/radiostudiow.com.br\/site\/wp-content\/uploads\/2024\/01\/SITE-MEDIO.png\" alt=\"\" class=\"wp-image-18916\" srcset=\"https:\/\/radiostudiow.com.br\/site\/wp-content\/uploads\/2024\/01\/SITE-MEDIO.png 598w, https:\/\/radiostudiow.com.br\/site\/wp-content\/uploads\/2024\/01\/SITE-MEDIO-300x102.png 300w\" sizes=\"auto, (max-width: 598px) 100vw, 598px\" \/><\/figure>\n\n\n\n<p>De acordo com informa\u00e7\u00f5es, durante a madrugada a Pol\u00edcia foi abordada por um seguran\u00e7a patrimonial que informou sobre ter avistado homens descendo em dire\u00e7\u00e3o \u00e0 Pra\u00e7a do Rio Igua\u00e7u, vestindo camiseta branca e bermuda laranja. A situa\u00e7\u00e3o foi repassada para a cadeia que confirmou a fuga.<\/p>\n\n\n\n<figure class=\"wp-block-image size-full\"><img decoding=\"async\" src=\"https:\/\/radiostudiow.com.br\/site\/wp-content\/uploads\/2024\/01\/SITE-PEQUENO3.png\" alt=\"\" class=\"wp-image-18924\"\/><\/figure>\n\n\n\n<p>Conforme as primeiras informa\u00e7\u00f5es ao menos quatro presos est\u00e3o foragidos. Gustavo Santos Leal, de 19 anos, Luiz Ant\u00f4nio Baginski dos Santos, de 22 anos, Jefferson Brand\u00e3o de 25 anos e Laumir Jos\u00e9 Ven\u00e2ncio Vidal de 36 anos.<\/p>\n\n\n\n<p>Fonte: Canal4<\/p>\n\n\n\n<p><a href=\"https:\/\/canal4.tv.br\/wp-content\/uploads\/2024\/02\/WhatsApp-Image-2024-02-15-at-10.51.27.jpeg\"><\/a><\/p>\n","protected":false},"excerpt":{"rendered":"<p>Ao menos quatro detentos da cadeia p\u00fablica de S\u00e3o Mateus do Sul fugiram durante a madrugada desta quinta-feira, dia 07 de mar\u00e7o. Equipes de seguran\u00e7a p\u00fablica est\u00e3o \u00e0 procura dos foragidos. De acordo com informa\u00e7\u00f5es, durante a madrugada a Pol\u00edcia foi abordada por um seguran\u00e7a patrimonial que informou sobre ter avistado homens descendo em dire\u00e7\u00e3o [&hellip;]<\/p>\n","protected":false},"author":2,"featured_media":20335,"comment_status":"open","ping_status":"open","sticky":false,"template":"","format":"standard","meta":{"footnotes":""},"categories":[2],"tags":[172],"class_list":["post-20329","post","type-post","status-publish","format-standard","has-post-thumbnail","hentry","category-policial","tag-featured"],"amp_enabled":true,"_links":{"self":[{"href":"https:\/\/radiostudiow.com.br\/site\/wp-json\/wp\/v2\/posts\/20329","targetHints":{"allow":["GET"]}}],"collection":[{"href":"https:\/\/radiostudiow.com.br\/site\/wp-json\/wp\/v2\/posts"}],"about":[{"href":"https:\/\/radiostudiow.com.br\/site\/wp-json\/wp\/v2\/types\/post"}],"author":[{"embeddable":true,"href":"https:\/\/radiostudiow.com.br\/site\/wp-json\/wp\/v2\/users\/2"}],"replies":[{"embeddable":true,"href":"https:\/\/radiostudiow.com.br\/site\/wp-json\/wp\/v2\/comments?post=20329"}],"version-history":[{"count":3,"href":"https:\/\/radiostudiow.com.br\/site\/wp-json\/wp\/v2\/posts\/20329\/revisions"}],"predecessor-version":[{"id":20339,"href":"https:\/\/radiostudiow.com.br\/site\/wp-json\/wp\/v2\/posts\/20329\/revisions\/20339"}],"wp:featuredmedia":[{"embeddable":true,"href":"https:\/\/radiostudiow.com.br\/site\/wp-json\/wp\/v2\/media\/20335"}],"wp:attachment":[{"href":"https:\/\/radiostudiow.com.br\/site\/wp-json\/wp\/v2\/media?parent=20329"}],"wp:term":[{"taxonomy":"category","embeddable":true,"href":"https:\/\/radiostudiow.com.br\/site\/wp-json\/wp\/v2\/categories?post=20329"},{"taxonomy":"post_tag","embeddable":true,"href":"https:\/\/radiostudiow.com.br\/site\/wp-json\/wp\/v2\/tags?post=20329"}],"curies":[{"name":"wp","href":"https:\/\/api.w.org\/{rel}","templated":true}]}}