{"id":20356,"date":"2024-03-08T11:07:17","date_gmt":"2024-03-08T14:07:17","guid":{"rendered":"https:\/\/radiostudiow.com.br\/site\/?p=20356"},"modified":"2025-01-31T15:02:08","modified_gmt":"2025-01-31T18:02:08","slug":"policia-prende-homem-suspeito-de-estuprar-a-esposa-em-irati","status":"publish","type":"post","link":"https:\/\/radiostudiow.com.br\/site\/2024\/03\/08\/policia-prende-homem-suspeito-de-estuprar-a-esposa-em-irati\/","title":{"rendered":"Pol\u00edcia prende homem suspeito de estuprar a esposa em Irati"},"content":{"rendered":"\n<p>Na manh\u00e3 desta quinta-feira, 07 de mar\u00e7o, Policiais da 41\u00aa Delegacia de Pol\u00edcia Civil de Irati cumpriram, um mandado de pris\u00e3o preventiva de homem, de 42 anos, investigado pelo crime de estupro contra sua esposa.<\/p>\n\n\n\n<figure class=\"wp-block-image size-full\"><img decoding=\"async\" src=\"https:\/\/radiostudiow.com.br\/site\/wp-content\/uploads\/2024\/01\/SITE-PEQUENO-1.png\" alt=\"\" class=\"wp-image-19268\"\/><\/figure>\n\n\n\n<p>A v\u00edtima registrou boletim de ocorr\u00eancia no final do m\u00eas de fevereiro, relatando a viol\u00eancia sofrida e solicitou medidas protetivas contra o marido e a equipe instaurou um inqu\u00e9rito policial para investigar o crime.<\/p>\n\n\n\n<p>Nas investiga\u00e7\u00f5es foram ouvidos os filhos do casal, visto que haviam relatos de que j\u00e1 teriam presenciado as viol\u00eancias cometidas pelo homem. Segundo a pol\u00edcia, nos depoimentos foram verificados ind\u00edcios suficientes que confirmaram o delito.<\/p>\n\n\n\n<figure class=\"wp-block-image size-large\"><img decoding=\"async\" src=\"https:\/\/radiostudiow.com.br\/site\/wp-content\/uploads\/2024\/02\/image-37-1024x390.png\" alt=\"\" class=\"wp-image-20080\"\/><\/figure>\n\n\n\n<p>Em raz\u00e3o da gravidade, o delegados solicitaram a pris\u00e3o preventiva do investigado no \u00faltimo dia 1\u00ba,\u00a0 a qual foi deferida nessa quarta-feira (6).<\/p>\n\n\n\n<p>A pris\u00e3o foi cumprida, o suspeito foi interrogado e posteriormente entregue ao Departamento de Pol\u00edcia Penal.<\/p>\n\n\n\n<p><em>Com informa\u00e7\u00f5es PCPR\/RDX<\/em><\/p>\n","protected":false},"excerpt":{"rendered":"<p>Na manh\u00e3 desta quinta-feira, 07 de mar\u00e7o, Policiais da 41\u00aa Delegacia de Pol\u00edcia Civil de Irati cumpriram, um mandado de pris\u00e3o preventiva de homem, de 42 anos, investigado pelo crime de estupro contra sua esposa. A v\u00edtima registrou boletim de ocorr\u00eancia no final do m\u00eas de fevereiro, relatando a viol\u00eancia sofrida e solicitou medidas protetivas [&hellip;]<\/p>\n","protected":false},"author":2,"featured_media":20357,"comment_status":"open","ping_status":"open","sticky":false,"template":"","format":"standard","meta":{"footnotes":""},"categories":[2],"tags":[172],"class_list":["post-20356","post","type-post","status-publish","format-standard","has-post-thumbnail","hentry","category-policial","tag-featured"],"amp_enabled":true,"_links":{"self":[{"href":"https:\/\/radiostudiow.com.br\/site\/wp-json\/wp\/v2\/posts\/20356","targetHints":{"allow":["GET"]}}],"collection":[{"href":"https:\/\/radiostudiow.com.br\/site\/wp-json\/wp\/v2\/posts"}],"about":[{"href":"https:\/\/radiostudiow.com.br\/site\/wp-json\/wp\/v2\/types\/post"}],"author":[{"embeddable":true,"href":"https:\/\/radiostudiow.com.br\/site\/wp-json\/wp\/v2\/users\/2"}],"replies":[{"embeddable":true,"href":"https:\/\/radiostudiow.com.br\/site\/wp-json\/wp\/v2\/comments?post=20356"}],"version-history":[{"count":1,"href":"https:\/\/radiostudiow.com.br\/site\/wp-json\/wp\/v2\/posts\/20356\/revisions"}],"predecessor-version":[{"id":20358,"href":"https:\/\/radiostudiow.com.br\/site\/wp-json\/wp\/v2\/posts\/20356\/revisions\/20358"}],"wp:featuredmedia":[{"embeddable":true,"href":"https:\/\/radiostudiow.com.br\/site\/wp-json\/wp\/v2\/media\/20357"}],"wp:attachment":[{"href":"https:\/\/radiostudiow.com.br\/site\/wp-json\/wp\/v2\/media?parent=20356"}],"wp:term":[{"taxonomy":"category","embeddable":true,"href":"https:\/\/radiostudiow.com.br\/site\/wp-json\/wp\/v2\/categories?post=20356"},{"taxonomy":"post_tag","embeddable":true,"href":"https:\/\/radiostudiow.com.br\/site\/wp-json\/wp\/v2\/tags?post=20356"}],"curies":[{"name":"wp","href":"https:\/\/api.w.org\/{rel}","templated":true}]}}