{"id":20370,"date":"2024-03-09T09:00:58","date_gmt":"2024-03-09T12:00:58","guid":{"rendered":"https:\/\/radiostudiow.com.br\/site\/?p=20370"},"modified":"2025-01-31T15:02:08","modified_gmt":"2025-01-31T18:02:08","slug":"ladrao-e-preso-em-flagrante-pela-policia-militar-de-uniao-da-vitoria","status":"publish","type":"post","link":"https:\/\/radiostudiow.com.br\/site\/2024\/03\/09\/ladrao-e-preso-em-flagrante-pela-policia-militar-de-uniao-da-vitoria\/","title":{"rendered":"Ladr\u00e3o \u00e9 preso em flagrante pela Pol\u00edcia Militar de Uni\u00e3o da Vit\u00f3ria"},"content":{"rendered":"\n<p>Um homem que n\u00e3o teve o nome divulgado foi preso em flagrante por volta das 17:40 horas dessa quinta-feira, 07 de mar\u00e7o, quando cometia furtos no bairro Dona Mercedes na cidade de Uni\u00e3o da Vit\u00f3ria.<\/p>\n\n\n\n<figure class=\"wp-block-image size-full\"><img decoding=\"async\" src=\"https:\/\/radiostudiow.com.br\/site\/wp-content\/uploads\/2024\/01\/SITE-GRANDE.png\" alt=\"\" class=\"wp-image-18949\"\/><\/figure>\n\n\n\n<p>De acordo com o relat\u00f3rio policial, a equipe recebeu a informa\u00e7\u00e3o de que estava ocorrendo furtos frequentes no bairro e um solicitante relatou ter visto um homem estranho entrando em uma propriedade que estava com port\u00e3o fechado com corrente e cadeado.<\/p>\n\n\n\n<p>Os policiais de imediato se deslocaram at\u00e9 o local e adentrou na propriedade, durante buscas localizou um homem que estava de posse de ferramentas, motosserra e certa quantidade de fios de energia el\u00e9trica. Ele n\u00e3o soube explicar a proced\u00eancia.<\/p>\n\n\n\n<figure class=\"wp-block-image size-large\"><img decoding=\"async\" src=\"https:\/\/radiostudiow.com.br\/site\/wp-content\/uploads\/2024\/02\/capa-1024x387.jpg\" alt=\"\" class=\"wp-image-19551\"\/><\/figure>\n\n\n\n<p>Na sequ\u00eancia, a Pol\u00edcia encontrou nesta propriedade uma casa que estava com seu interior todo revirado. O homem recebeu voz de pris\u00e3o e foi conduzido at\u00e9 a delegacia.<\/p>\n","protected":false},"excerpt":{"rendered":"<p>Um homem que n\u00e3o teve o nome divulgado foi preso em flagrante por volta das 17:40 horas dessa quinta-feira, 07 de mar\u00e7o, quando cometia furtos no bairro Dona Mercedes na cidade de Uni\u00e3o da Vit\u00f3ria. De acordo com o relat\u00f3rio policial, a equipe recebeu a informa\u00e7\u00e3o de que estava ocorrendo furtos frequentes no bairro e [&hellip;]<\/p>\n","protected":false},"author":2,"featured_media":20320,"comment_status":"open","ping_status":"open","sticky":false,"template":"","format":"standard","meta":{"footnotes":""},"categories":[2],"tags":[172],"class_list":["post-20370","post","type-post","status-publish","format-standard","has-post-thumbnail","hentry","category-policial","tag-featured"],"amp_enabled":true,"_links":{"self":[{"href":"https:\/\/radiostudiow.com.br\/site\/wp-json\/wp\/v2\/posts\/20370","targetHints":{"allow":["GET"]}}],"collection":[{"href":"https:\/\/radiostudiow.com.br\/site\/wp-json\/wp\/v2\/posts"}],"about":[{"href":"https:\/\/radiostudiow.com.br\/site\/wp-json\/wp\/v2\/types\/post"}],"author":[{"embeddable":true,"href":"https:\/\/radiostudiow.com.br\/site\/wp-json\/wp\/v2\/users\/2"}],"replies":[{"embeddable":true,"href":"https:\/\/radiostudiow.com.br\/site\/wp-json\/wp\/v2\/comments?post=20370"}],"version-history":[{"count":3,"href":"https:\/\/radiostudiow.com.br\/site\/wp-json\/wp\/v2\/posts\/20370\/revisions"}],"predecessor-version":[{"id":20402,"href":"https:\/\/radiostudiow.com.br\/site\/wp-json\/wp\/v2\/posts\/20370\/revisions\/20402"}],"wp:featuredmedia":[{"embeddable":true,"href":"https:\/\/radiostudiow.com.br\/site\/wp-json\/wp\/v2\/media\/20320"}],"wp:attachment":[{"href":"https:\/\/radiostudiow.com.br\/site\/wp-json\/wp\/v2\/media?parent=20370"}],"wp:term":[{"taxonomy":"category","embeddable":true,"href":"https:\/\/radiostudiow.com.br\/site\/wp-json\/wp\/v2\/categories?post=20370"},{"taxonomy":"post_tag","embeddable":true,"href":"https:\/\/radiostudiow.com.br\/site\/wp-json\/wp\/v2\/tags?post=20370"}],"curies":[{"name":"wp","href":"https:\/\/api.w.org\/{rel}","templated":true}]}}