{"id":20372,"date":"2024-03-09T08:54:27","date_gmt":"2024-03-09T11:54:27","guid":{"rendered":"https:\/\/radiostudiow.com.br\/site\/?p=20372"},"modified":"2025-01-31T15:02:08","modified_gmt":"2025-01-31T18:02:08","slug":"homem-e-detido-apos-agredir-pai-idoso-no-bairro-sao-braz-em-uniao-da-vitoria","status":"publish","type":"post","link":"https:\/\/radiostudiow.com.br\/site\/2024\/03\/09\/homem-e-detido-apos-agredir-pai-idoso-no-bairro-sao-braz-em-uniao-da-vitoria\/","title":{"rendered":"Homem \u00e9 detido ap\u00f3s agredir pai idoso no bairro S\u00e3o Braz em Uni\u00e3o da Vit\u00f3ria"},"content":{"rendered":"\n<p>A Pol\u00edcia Militar do 27\u00ba Batalh\u00e3o de Uni\u00e3o da Vit\u00f3ria esteve mobilizada atendendo a uma ocorr\u00eancia envolvendo agress\u00e3o a um idoso no bairro S\u00e3o Braz, no Distrito de S\u00e3o Crist\u00f3v\u00e3o. A situa\u00e7\u00e3o ocorreu durante essa quinta-feira, dia 07 de mar\u00e7o.<\/p>\n\n\n\n<figure class=\"wp-block-image size-full\"><img decoding=\"async\" src=\"https:\/\/radiostudiow.com.br\/site\/wp-content\/uploads\/2024\/01\/SITE-GRANDE2.png\" alt=\"\" class=\"wp-image-18938\"\/><\/figure>\n\n\n\n<p>Conforme informa\u00e7\u00f5es, a Policia foi acionada para a ocorr\u00eancia onde um idoso estava na casa da vizinha relatando ter sido agredido pelo seu filho. No local, ele relatou que o filho fez amea\u00e7as e iniciou uma s\u00e9rie de agress\u00f5es, vindo a jog\u00e1-lo contra o muro da casa, provocando escoria\u00e7\u00f5es.<\/p>\n\n\n\n<figure class=\"wp-block-image size-full\"><img loading=\"lazy\" decoding=\"async\" width=\"300\" height=\"180\" src=\"https:\/\/radiostudiow.com.br\/site\/wp-content\/uploads\/2024\/01\/SITE-PEQUENO.png\" alt=\"\" class=\"wp-image-18945\"\/><\/figure>\n\n\n\n<p>A Pol\u00edcia abordou o filho e diante do desejo de representa\u00e7\u00e3o por parte da v\u00edtima, deu voz de pris\u00e3o, conduzindo o mesmo at\u00e9 a delegacia para provid\u00eancias. Pai e filho tamb\u00e9m foi conduzidos at\u00e9 a Unidade de Pronto Atendimento para avalia\u00e7\u00e3o m\u00e9dica.<\/p>\n","protected":false},"excerpt":{"rendered":"<p>A Pol\u00edcia Militar do 27\u00ba Batalh\u00e3o de Uni\u00e3o da Vit\u00f3ria esteve mobilizada atendendo a uma ocorr\u00eancia envolvendo agress\u00e3o a um idoso no bairro S\u00e3o Braz, no Distrito de S\u00e3o Crist\u00f3v\u00e3o. A situa\u00e7\u00e3o ocorreu durante essa quinta-feira, dia 07 de mar\u00e7o. Conforme informa\u00e7\u00f5es, a Policia foi acionada para a ocorr\u00eancia onde um idoso estava na casa [&hellip;]<\/p>\n","protected":false},"author":2,"featured_media":18052,"comment_status":"open","ping_status":"open","sticky":false,"template":"","format":"standard","meta":{"footnotes":""},"categories":[2],"tags":[172],"class_list":["post-20372","post","type-post","status-publish","format-standard","has-post-thumbnail","hentry","category-policial","tag-featured"],"amp_enabled":true,"_links":{"self":[{"href":"https:\/\/radiostudiow.com.br\/site\/wp-json\/wp\/v2\/posts\/20372","targetHints":{"allow":["GET"]}}],"collection":[{"href":"https:\/\/radiostudiow.com.br\/site\/wp-json\/wp\/v2\/posts"}],"about":[{"href":"https:\/\/radiostudiow.com.br\/site\/wp-json\/wp\/v2\/types\/post"}],"author":[{"embeddable":true,"href":"https:\/\/radiostudiow.com.br\/site\/wp-json\/wp\/v2\/users\/2"}],"replies":[{"embeddable":true,"href":"https:\/\/radiostudiow.com.br\/site\/wp-json\/wp\/v2\/comments?post=20372"}],"version-history":[{"count":2,"href":"https:\/\/radiostudiow.com.br\/site\/wp-json\/wp\/v2\/posts\/20372\/revisions"}],"predecessor-version":[{"id":20397,"href":"https:\/\/radiostudiow.com.br\/site\/wp-json\/wp\/v2\/posts\/20372\/revisions\/20397"}],"wp:featuredmedia":[{"embeddable":true,"href":"https:\/\/radiostudiow.com.br\/site\/wp-json\/wp\/v2\/media\/18052"}],"wp:attachment":[{"href":"https:\/\/radiostudiow.com.br\/site\/wp-json\/wp\/v2\/media?parent=20372"}],"wp:term":[{"taxonomy":"category","embeddable":true,"href":"https:\/\/radiostudiow.com.br\/site\/wp-json\/wp\/v2\/categories?post=20372"},{"taxonomy":"post_tag","embeddable":true,"href":"https:\/\/radiostudiow.com.br\/site\/wp-json\/wp\/v2\/tags?post=20372"}],"curies":[{"name":"wp","href":"https:\/\/api.w.org\/{rel}","templated":true}]}}