{"id":20379,"date":"2024-03-08T17:01:28","date_gmt":"2024-03-08T20:01:28","guid":{"rendered":"https:\/\/radiostudiow.com.br\/site\/?p=20379"},"modified":"2025-01-31T15:02:08","modified_gmt":"2025-01-31T18:02:08","slug":"pm-de-irati-prende-autor-de-furtos-em-lojas","status":"publish","type":"post","link":"https:\/\/radiostudiow.com.br\/site\/2024\/03\/08\/pm-de-irati-prende-autor-de-furtos-em-lojas\/","title":{"rendered":"PM de Irati prende autor de furtos em lojas"},"content":{"rendered":"\n<p>Homem cometeu furtos em pelo menos duas lojas. Celulares, notebook e outros objetos furtados foram encontrados na mochila do autor.<\/p>\n\n\n\n<figure class=\"wp-block-image size-full\"><img decoding=\"async\" src=\"https:\/\/radiostudiow.com.br\/site\/wp-content\/uploads\/2024\/01\/SITE-GRANDE4.png\" alt=\"\" class=\"wp-image-18920\"\/><\/figure>\n\n\n\n<p>A Pol\u00edcia Militar prendeu um homem que cometeu furtos em pelo menos duas lojas na \u00e1rea central de Irati na madrugada de ontem.<\/p>\n\n\n\n<p>Na ocasi\u00e3o, os policiais receberam uma informa\u00e7\u00e3o que um homem usando blusa com capuz estava for\u00e7ando a porta de um estabelecimento. A PM abordou o suspeito, que estava com uma mochila. Dentro dela haviam dois celulares, um notebook e uma quantia em dinheiro entre notas e moedas. Os policiais verificaram que a fechadura da porta de vidro da loja havia sido arrombada.<\/p>\n\n\n\n<figure class=\"wp-block-image size-full\"><img decoding=\"async\" src=\"https:\/\/radiostudiow.com.br\/site\/wp-content\/uploads\/2024\/03\/SITE-MEDIO4.png\" alt=\"\" class=\"wp-image-20117\"\/><\/figure>\n\n\n\n<p>O propriet\u00e1rio da loja reconheceu um dos celulares apreendidos e disse que o autor do furto ainda pegou todo o dinheiro que estava no caixa. J\u00e1 um outro celular e um notebook que estavam com o homem detido pertenciam a outra loja. Dentro da mochila ainda foram encontrados cabos de cobre, um alicate e um ferro. O autor dos furtos foi detido e conduzido para a Delegacia.<\/p>\n","protected":false},"excerpt":{"rendered":"<p>Homem cometeu furtos em pelo menos duas lojas. Celulares, notebook e outros objetos furtados foram encontrados na mochila do autor. A Pol\u00edcia Militar prendeu um homem que cometeu furtos em pelo menos duas lojas na \u00e1rea central de Irati na madrugada de ontem. Na ocasi\u00e3o, os policiais receberam uma informa\u00e7\u00e3o que um homem usando blusa [&hellip;]<\/p>\n","protected":false},"author":2,"featured_media":18707,"comment_status":"open","ping_status":"open","sticky":false,"template":"","format":"standard","meta":{"footnotes":""},"categories":[2],"tags":[172],"class_list":["post-20379","post","type-post","status-publish","format-standard","has-post-thumbnail","hentry","category-policial","tag-featured"],"amp_enabled":true,"_links":{"self":[{"href":"https:\/\/radiostudiow.com.br\/site\/wp-json\/wp\/v2\/posts\/20379","targetHints":{"allow":["GET"]}}],"collection":[{"href":"https:\/\/radiostudiow.com.br\/site\/wp-json\/wp\/v2\/posts"}],"about":[{"href":"https:\/\/radiostudiow.com.br\/site\/wp-json\/wp\/v2\/types\/post"}],"author":[{"embeddable":true,"href":"https:\/\/radiostudiow.com.br\/site\/wp-json\/wp\/v2\/users\/2"}],"replies":[{"embeddable":true,"href":"https:\/\/radiostudiow.com.br\/site\/wp-json\/wp\/v2\/comments?post=20379"}],"version-history":[{"count":1,"href":"https:\/\/radiostudiow.com.br\/site\/wp-json\/wp\/v2\/posts\/20379\/revisions"}],"predecessor-version":[{"id":20380,"href":"https:\/\/radiostudiow.com.br\/site\/wp-json\/wp\/v2\/posts\/20379\/revisions\/20380"}],"wp:featuredmedia":[{"embeddable":true,"href":"https:\/\/radiostudiow.com.br\/site\/wp-json\/wp\/v2\/media\/18707"}],"wp:attachment":[{"href":"https:\/\/radiostudiow.com.br\/site\/wp-json\/wp\/v2\/media?parent=20379"}],"wp:term":[{"taxonomy":"category","embeddable":true,"href":"https:\/\/radiostudiow.com.br\/site\/wp-json\/wp\/v2\/categories?post=20379"},{"taxonomy":"post_tag","embeddable":true,"href":"https:\/\/radiostudiow.com.br\/site\/wp-json\/wp\/v2\/tags?post=20379"}],"curies":[{"name":"wp","href":"https:\/\/api.w.org\/{rel}","templated":true}]}}