{"id":20381,"date":"2024-03-09T08:55:49","date_gmt":"2024-03-09T11:55:49","guid":{"rendered":"https:\/\/radiostudiow.com.br\/site\/?p=20381"},"modified":"2025-01-31T15:02:08","modified_gmt":"2025-01-31T18:02:08","slug":"homem-e-agredido-com-pedaco-de-madeira-apos-briga-entre-vizinhos","status":"publish","type":"post","link":"https:\/\/radiostudiow.com.br\/site\/2024\/03\/09\/homem-e-agredido-com-pedaco-de-madeira-apos-briga-entre-vizinhos\/","title":{"rendered":"Homem \u00e9 agredido com peda\u00e7o de madeira ap\u00f3s briga entre vizinhos"},"content":{"rendered":"\n<p>Antes de ser agredido, homem havia atingido um soco na cabe\u00e7a da m\u00e3e do vizinho. Isso gerou a rea\u00e7\u00e3o do vizinho que o agrediu com peda\u00e7o de madeira.<\/p>\n\n\n\n<figure class=\"wp-block-image size-full\"><img decoding=\"async\" src=\"https:\/\/radiostudiow.com.br\/site\/wp-content\/uploads\/2024\/03\/SITE-MEDIO4.png\" alt=\"\" class=\"wp-image-20117\"\/><\/figure>\n\n\n\n<p>Um homem foi agredido com um peda\u00e7o de madeira ap\u00f3s uma briga entre vizinhos na localidade do Pinhalzinho, em Rio Azul, na tarde de ontem.<\/p>\n\n\n\n<p>Uma moradora e seu filho relataram que tiveram um desentendimento com o vizinho, que fez amea\u00e7as com um fac\u00e3o. Em seguida, o homem segurou a m\u00e3o da vizinha e deu um soco em sua cabe\u00e7a. Para conter o vizinho, o filho da moradora pegou um peda\u00e7o de madeira e atingiu alguns golpes no agressor.<\/p>\n\n\n\n<figure class=\"wp-block-image size-full\"><img decoding=\"async\" src=\"https:\/\/radiostudiow.com.br\/site\/wp-content\/uploads\/2024\/01\/SITE-GRANDE4.png\" alt=\"\" class=\"wp-image-18920\"\/><\/figure>\n\n\n\n<p>O homem atingido recebeu atendimento da equipe do Servi\u00e7o de Atendimento M\u00f3vel de Urg\u00eancia (SAMU) e foi encaminhado ao hospital S\u00e3o Francisco de Assis. Posteriormente, os envolvidos na briga foram conduzidos para a Delegacia de Irati.<\/p>\n","protected":false},"excerpt":{"rendered":"<p>Antes de ser agredido, homem havia atingido um soco na cabe\u00e7a da m\u00e3e do vizinho. Isso gerou a rea\u00e7\u00e3o do vizinho que o agrediu com peda\u00e7o de madeira. Um homem foi agredido com um peda\u00e7o de madeira ap\u00f3s uma briga entre vizinhos na localidade do Pinhalzinho, em Rio Azul, na tarde de ontem. Uma moradora [&hellip;]<\/p>\n","protected":false},"author":2,"featured_media":20382,"comment_status":"open","ping_status":"open","sticky":false,"template":"","format":"standard","meta":{"footnotes":""},"categories":[2],"tags":[172],"class_list":["post-20381","post","type-post","status-publish","format-standard","has-post-thumbnail","hentry","category-policial","tag-featured"],"amp_enabled":true,"_links":{"self":[{"href":"https:\/\/radiostudiow.com.br\/site\/wp-json\/wp\/v2\/posts\/20381","targetHints":{"allow":["GET"]}}],"collection":[{"href":"https:\/\/radiostudiow.com.br\/site\/wp-json\/wp\/v2\/posts"}],"about":[{"href":"https:\/\/radiostudiow.com.br\/site\/wp-json\/wp\/v2\/types\/post"}],"author":[{"embeddable":true,"href":"https:\/\/radiostudiow.com.br\/site\/wp-json\/wp\/v2\/users\/2"}],"replies":[{"embeddable":true,"href":"https:\/\/radiostudiow.com.br\/site\/wp-json\/wp\/v2\/comments?post=20381"}],"version-history":[{"count":2,"href":"https:\/\/radiostudiow.com.br\/site\/wp-json\/wp\/v2\/posts\/20381\/revisions"}],"predecessor-version":[{"id":20398,"href":"https:\/\/radiostudiow.com.br\/site\/wp-json\/wp\/v2\/posts\/20381\/revisions\/20398"}],"wp:featuredmedia":[{"embeddable":true,"href":"https:\/\/radiostudiow.com.br\/site\/wp-json\/wp\/v2\/media\/20382"}],"wp:attachment":[{"href":"https:\/\/radiostudiow.com.br\/site\/wp-json\/wp\/v2\/media?parent=20381"}],"wp:term":[{"taxonomy":"category","embeddable":true,"href":"https:\/\/radiostudiow.com.br\/site\/wp-json\/wp\/v2\/categories?post=20381"},{"taxonomy":"post_tag","embeddable":true,"href":"https:\/\/radiostudiow.com.br\/site\/wp-json\/wp\/v2\/tags?post=20381"}],"curies":[{"name":"wp","href":"https:\/\/api.w.org\/{rel}","templated":true}]}}