{"id":20386,"date":"2024-03-09T08:58:57","date_gmt":"2024-03-09T11:58:57","guid":{"rendered":"https:\/\/radiostudiow.com.br\/site\/?p=20386"},"modified":"2025-01-31T15:02:08","modified_gmt":"2025-01-31T18:02:08","slug":"prf-apreenderam-dez-fuzis-uma-pistola-e-20-quilos-de-cocaina-com-caminhoneiro-de-sao-mateus-do-sul","status":"publish","type":"post","link":"https:\/\/radiostudiow.com.br\/site\/2024\/03\/09\/prf-apreenderam-dez-fuzis-uma-pistola-e-20-quilos-de-cocaina-com-caminhoneiro-de-sao-mateus-do-sul\/","title":{"rendered":"PRF apreenderam dez fuzis, uma pistola e 20 quilos de coca\u00edna com caminhoneiro de S\u00e3o Mateus do Sul"},"content":{"rendered":"\n<p>Policiais rodovi\u00e1rios federais apreenderam dez fuzis, uma pistola e 20 quilos de coca\u00edna em Santa Terezinha de Itaipu nesta\u00a0sexta-feira (8).<\/p>\n\n\n\n<figure class=\"wp-block-image size-large\"><img decoding=\"async\" src=\"https:\/\/radiostudiow.com.br\/site\/wp-content\/uploads\/2024\/02\/capa-1024x387.jpg\" alt=\"\" class=\"wp-image-19551\"\/><\/figure>\n\n\n\n<p>As armas&nbsp;e a droga estavam escondidas sob a cama da cabine e dentro da caixa de ferramentas de um caminh\u00e3o, abordado por volta das 4h da madrugada, na BR-277.<\/p>\n\n\n\n<p>O motorista, de 23 anos de idade, morador de S\u00e3o Mateus do Sul, no Paran\u00e1, foi preso em flagrante pelos crimes de tr\u00e1fico internacional de armas de fogo e tr\u00e1fico de drogas.<\/p>\n\n\n\n<figure class=\"wp-block-image size-full\"><img decoding=\"async\" src=\"https:\/\/radiostudiow.com.br\/site\/wp-content\/uploads\/2024\/01\/SITE-PEQUENO-1.png\" alt=\"\" class=\"wp-image-19268\"\/><\/figure>\n\n\n\n<p>Ele pretendia levar as armas e a droga&nbsp;at\u00e9 a cidade de S\u00e3o Paulo. Todos os fuzis s\u00e3o de calibre 5,56 mm, fabricados nos Estados Unidos. E a pistola, de calibre 9 mil\u00edmetros, tem origem turca.\u202f\u202f\u202f<\/p>\n","protected":false},"excerpt":{"rendered":"<p>Policiais rodovi\u00e1rios federais apreenderam dez fuzis, uma pistola e 20 quilos de coca\u00edna em Santa Terezinha de Itaipu nesta\u00a0sexta-feira (8). As armas&nbsp;e a droga estavam escondidas sob a cama da cabine e dentro da caixa de ferramentas de um caminh\u00e3o, abordado por volta das 4h da madrugada, na BR-277. O motorista, de 23 anos de [&hellip;]<\/p>\n","protected":false},"author":2,"featured_media":20387,"comment_status":"open","ping_status":"open","sticky":false,"template":"","format":"standard","meta":{"footnotes":""},"categories":[7],"tags":[172],"class_list":["post-20386","post","type-post","status-publish","format-standard","has-post-thumbnail","hentry","category-geral","tag-featured"],"amp_enabled":true,"_links":{"self":[{"href":"https:\/\/radiostudiow.com.br\/site\/wp-json\/wp\/v2\/posts\/20386","targetHints":{"allow":["GET"]}}],"collection":[{"href":"https:\/\/radiostudiow.com.br\/site\/wp-json\/wp\/v2\/posts"}],"about":[{"href":"https:\/\/radiostudiow.com.br\/site\/wp-json\/wp\/v2\/types\/post"}],"author":[{"embeddable":true,"href":"https:\/\/radiostudiow.com.br\/site\/wp-json\/wp\/v2\/users\/2"}],"replies":[{"embeddable":true,"href":"https:\/\/radiostudiow.com.br\/site\/wp-json\/wp\/v2\/comments?post=20386"}],"version-history":[{"count":3,"href":"https:\/\/radiostudiow.com.br\/site\/wp-json\/wp\/v2\/posts\/20386\/revisions"}],"predecessor-version":[{"id":20400,"href":"https:\/\/radiostudiow.com.br\/site\/wp-json\/wp\/v2\/posts\/20386\/revisions\/20400"}],"wp:featuredmedia":[{"embeddable":true,"href":"https:\/\/radiostudiow.com.br\/site\/wp-json\/wp\/v2\/media\/20387"}],"wp:attachment":[{"href":"https:\/\/radiostudiow.com.br\/site\/wp-json\/wp\/v2\/media?parent=20386"}],"wp:term":[{"taxonomy":"category","embeddable":true,"href":"https:\/\/radiostudiow.com.br\/site\/wp-json\/wp\/v2\/categories?post=20386"},{"taxonomy":"post_tag","embeddable":true,"href":"https:\/\/radiostudiow.com.br\/site\/wp-json\/wp\/v2\/tags?post=20386"}],"curies":[{"name":"wp","href":"https:\/\/api.w.org\/{rel}","templated":true}]}}