{"id":20461,"date":"2024-03-12T10:27:25","date_gmt":"2024-03-12T13:27:25","guid":{"rendered":"https:\/\/radiostudiow.com.br\/site\/?p=20461"},"modified":"2025-01-31T15:02:07","modified_gmt":"2025-01-31T18:02:07","slug":"prf-realiza-1o-leilao-virtual-de-veiculos-2024-no-parana","status":"publish","type":"post","link":"https:\/\/radiostudiow.com.br\/site\/2024\/03\/12\/prf-realiza-1o-leilao-virtual-de-veiculos-2024-no-parana\/","title":{"rendered":"PRF realiza 1\u00ba Leil\u00e3o Virtual de Ve\u00edculos 2024 no Paran\u00e1"},"content":{"rendered":"\n<p>A Pol\u00edcia Rodovi\u00e1ria Federal (PRF) no Paran\u00e1 realiza leil\u00e3o virtual de ve\u00edculos retidos, abandonados, removidos ou recolhidos a qualquer t\u00edtulo, inclusive com restri\u00e7\u00e3o judicial, que se encontrem h\u00e1 mais de 60 dias nos p\u00e1tios das Unidades Operacionais vinculadas \u00e0 PRF no estado.<\/p>\n\n\n\n<figure class=\"wp-block-image size-full\"><img decoding=\"async\" src=\"https:\/\/radiostudiow.com.br\/site\/wp-content\/uploads\/2024\/01\/SITE-GRANDE4.png\" alt=\"\" class=\"wp-image-18920\"\/><\/figure>\n\n\n\n<p>As sess\u00f5es p\u00fablicas de&nbsp;<strong>lotes de ve\u00edculos conservados<\/strong>, que podem voltar \u00e0 circula\u00e7\u00e3o,&nbsp;<strong>e de sucata,<\/strong>&nbsp;com motor aproveit\u00e1vel e inserv\u00edvel, s\u00e3o realizadas exclusivamente no sistema eletr\u00f4nico \u201con-line\u201d (internet) no site&nbsp;&nbsp;<a href=\"https:\/\/www.kronleiloes.com.br\/evento\/leilao-prf-circulacao-e-com-motor-a-regularizar-240112?preOrderBy=orderByFirstOpenedOffers&amp;pageNumber=1&amp;pageSize=30&amp;orderBy=lotNumber:asc;subLotNumber:asc\">https:\/\/www.kronbergleiloes.com.br.<\/a><\/p>\n\n\n\n<p>Os ve\u00edculos considerados conservados, podem retornar a circular em via p\u00fablica ap\u00f3s pagamento das respectivas taxas e recolocados em circula\u00e7\u00e3o ap\u00f3s revis\u00e3o t\u00e9cnica exigida pelo \u00f3rg\u00e3o de tr\u00e2nsito, n\u00e3o havendo rela\u00e7\u00e3o alguma com sua conserva\u00e7\u00e3o visual e apar\u00eancia est\u00e9tica de sua lataria e demais equipamentos.<\/p>\n\n\n\n<figure class=\"wp-block-image size-large\"><img decoding=\"async\" src=\"https:\/\/radiostudiow.com.br\/site\/wp-content\/uploads\/2024\/02\/capa-1024x387.jpg\" alt=\"\" class=\"wp-image-19551\"\/><\/figure>\n\n\n\n<p>As sucatas s\u00e3o ve\u00edculos que est\u00e3o impedidos de circula\u00e7\u00e3o em vias p\u00fablicas, se destinam exclusivamente ao desmonte e ao reaproveitamento de suas pe\u00e7as e s\u00f3 podem ser adquiridas por pessoas jur\u00eddicas previamente cadastradas.&nbsp;<\/p>\n\n\n\n<p>Pr\u00f3ximas se\u00e7\u00f5es p\u00fablicas: 12 de mar\u00e7o (circula\u00e7\u00e3o) e 14 de mar\u00e7o (sucata).<\/p>\n\n\n\n<p>Ser\u00e3o leiloados ve\u00edculos recolhidos na regi\u00e3o Metropolitana de Curitiba (PR).<\/p>\n\n\n\n<p>146 ve\u00edculos conservados para circula\u00e7\u00e3o com lances m\u00ednimos entre R$ 150,00 a R$ 450.000,00.&nbsp;<\/p>\n\n\n\n<p>193 sucatas com lances m\u00ednimos entre R$ 5,00 e R$ 5.000,00.<\/p>\n","protected":false},"excerpt":{"rendered":"<p>A Pol\u00edcia Rodovi\u00e1ria Federal (PRF) no Paran\u00e1 realiza leil\u00e3o virtual de ve\u00edculos retidos, abandonados, removidos ou recolhidos a qualquer t\u00edtulo, inclusive com restri\u00e7\u00e3o judicial, que se encontrem h\u00e1 mais de 60 dias nos p\u00e1tios das Unidades Operacionais vinculadas \u00e0 PRF no estado. As sess\u00f5es p\u00fablicas de&nbsp;lotes de ve\u00edculos conservados, que podem voltar \u00e0 circula\u00e7\u00e3o,&nbsp;e de [&hellip;]<\/p>\n","protected":false},"author":2,"featured_media":20462,"comment_status":"open","ping_status":"open","sticky":false,"template":"","format":"standard","meta":{"footnotes":""},"categories":[7],"tags":[172],"class_list":["post-20461","post","type-post","status-publish","format-standard","has-post-thumbnail","hentry","category-geral","tag-featured"],"amp_enabled":true,"_links":{"self":[{"href":"https:\/\/radiostudiow.com.br\/site\/wp-json\/wp\/v2\/posts\/20461","targetHints":{"allow":["GET"]}}],"collection":[{"href":"https:\/\/radiostudiow.com.br\/site\/wp-json\/wp\/v2\/posts"}],"about":[{"href":"https:\/\/radiostudiow.com.br\/site\/wp-json\/wp\/v2\/types\/post"}],"author":[{"embeddable":true,"href":"https:\/\/radiostudiow.com.br\/site\/wp-json\/wp\/v2\/users\/2"}],"replies":[{"embeddable":true,"href":"https:\/\/radiostudiow.com.br\/site\/wp-json\/wp\/v2\/comments?post=20461"}],"version-history":[{"count":1,"href":"https:\/\/radiostudiow.com.br\/site\/wp-json\/wp\/v2\/posts\/20461\/revisions"}],"predecessor-version":[{"id":20463,"href":"https:\/\/radiostudiow.com.br\/site\/wp-json\/wp\/v2\/posts\/20461\/revisions\/20463"}],"wp:featuredmedia":[{"embeddable":true,"href":"https:\/\/radiostudiow.com.br\/site\/wp-json\/wp\/v2\/media\/20462"}],"wp:attachment":[{"href":"https:\/\/radiostudiow.com.br\/site\/wp-json\/wp\/v2\/media?parent=20461"}],"wp:term":[{"taxonomy":"category","embeddable":true,"href":"https:\/\/radiostudiow.com.br\/site\/wp-json\/wp\/v2\/categories?post=20461"},{"taxonomy":"post_tag","embeddable":true,"href":"https:\/\/radiostudiow.com.br\/site\/wp-json\/wp\/v2\/tags?post=20461"}],"curies":[{"name":"wp","href":"https:\/\/api.w.org\/{rel}","templated":true}]}}