{"id":20491,"date":"2024-03-13T11:44:48","date_gmt":"2024-03-13T14:44:48","guid":{"rendered":"https:\/\/radiostudiow.com.br\/site\/?p=20491"},"modified":"2025-01-31T15:02:07","modified_gmt":"2025-01-31T18:02:07","slug":"pedagios-comecam-a-ser-cobrados-na-semana-que-vem","status":"publish","type":"post","link":"https:\/\/radiostudiow.com.br\/site\/2024\/03\/13\/pedagios-comecam-a-ser-cobrados-na-semana-que-vem\/","title":{"rendered":"Ped\u00e1gios come\u00e7am a ser cobrados na semana que vem"},"content":{"rendered":"\n<figure class=\"wp-block-image size-large\"><img decoding=\"async\" src=\"https:\/\/radiostudiow.com.br\/site\/wp-content\/uploads\/2024\/02\/capa-1024x387.jpg\" alt=\"\" class=\"wp-image-19551\"\/><\/figure>\n\n\n\n<p><\/p>\n\n\n\n<p>As novas concession\u00e1rias de ped\u00e1gio dos Lotes 1 e 2, Via Arauc\u00e1ria e EPR Litoral Pioneiro, respectivamente, divulgaram os valores que ser\u00e3o cobrados nas pra\u00e7as a partir deste m\u00eas de mar\u00e7o. Um dos locais mais esperados pelos paranaenses, a pra\u00e7a na BR-277 que liga Curitiba ao Litoral, em S\u00e3o Jos\u00e9 dos Pinhais, custar\u00e1 R$22,60, para carros, caminhonetes e furg\u00f5es.<\/p>\n\n\n\n<p><\/p>\n\n\n\n<figure class=\"wp-block-image size-full\"><img decoding=\"async\" src=\"https:\/\/radiostudiow.com.br\/site\/wp-content\/uploads\/2024\/03\/bannertijolao.jpg\" alt=\"\" class=\"wp-image-20494\"\/><\/figure>\n\n\n\n<p><\/p>\n\n\n\n<p>Nesta ter\u00e7a-feira (12) a Ag\u00eancia Nacional de Transportes Terrestres (ANTT) autorizou o in\u00edcio das cobran\u00e7as nas pra\u00e7as de ped\u00e1gio dos dois lotes. Entretanto, as concession\u00e1rias s\u00f3 ir\u00e3o cobrar dos motoristas 10 dias ap\u00f3s a autoriza\u00e7\u00e3o.<\/p>\n\n\n\n<p>Confira os valores dos ped\u00e1gios da nossa regi\u00e3o\u00a0 que d\u00e3o\u00a0 acesso\u00a0 a capital do Paran\u00e1, S\u00e3o Paulo e litoral paranaense.<\/p>\n\n\n\n<figure class=\"wp-block-image size-large\"><img loading=\"lazy\" decoding=\"async\" width=\"1024\" height=\"955\" src=\"https:\/\/radiostudiow.com.br\/site\/wp-content\/uploads\/2024\/03\/image-18-1024x955.png\" alt=\"\" class=\"wp-image-20492\" srcset=\"https:\/\/radiostudiow.com.br\/site\/wp-content\/uploads\/2024\/03\/image-18-1024x955.png 1024w, https:\/\/radiostudiow.com.br\/site\/wp-content\/uploads\/2024\/03\/image-18-300x280.png 300w, https:\/\/radiostudiow.com.br\/site\/wp-content\/uploads\/2024\/03\/image-18-768x716.png 768w, https:\/\/radiostudiow.com.br\/site\/wp-content\/uploads\/2024\/03\/image-18.png 1154w\" sizes=\"auto, (max-width: 1024px) 100vw, 1024px\" \/><\/figure>\n\n\n\n<p><\/p>\n\n\n\n<figure class=\"wp-block-image size-full\"><img loading=\"lazy\" decoding=\"async\" width=\"897\" height=\"204\" src=\"https:\/\/radiostudiow.com.br\/site\/wp-content\/uploads\/2024\/01\/SITE-GRANDE3.png\" alt=\"zaions\" class=\"wp-image-18936\" srcset=\"https:\/\/radiostudiow.com.br\/site\/wp-content\/uploads\/2024\/01\/SITE-GRANDE3.png 897w, https:\/\/radiostudiow.com.br\/site\/wp-content\/uploads\/2024\/01\/SITE-GRANDE3-300x68.png 300w, https:\/\/radiostudiow.com.br\/site\/wp-content\/uploads\/2024\/01\/SITE-GRANDE3-768x175.png 768w\" sizes=\"auto, (max-width: 897px) 100vw, 897px\" \/><\/figure>\n","protected":false},"excerpt":{"rendered":"<p>As novas concession\u00e1rias de ped\u00e1gio dos Lotes 1 e 2, Via Arauc\u00e1ria e EPR Litoral Pioneiro, respectivamente, divulgaram os valores que ser\u00e3o cobrados nas pra\u00e7as a partir deste m\u00eas de mar\u00e7o. Um dos locais mais esperados pelos paranaenses, a pra\u00e7a na BR-277 que liga Curitiba ao Litoral, em S\u00e3o Jos\u00e9 dos Pinhais, custar\u00e1 R$22,60, para [&hellip;]<\/p>\n","protected":false},"author":2,"featured_media":20493,"comment_status":"open","ping_status":"open","sticky":false,"template":"","format":"standard","meta":{"footnotes":""},"categories":[7],"tags":[172],"class_list":["post-20491","post","type-post","status-publish","format-standard","has-post-thumbnail","hentry","category-geral","tag-featured"],"amp_enabled":true,"_links":{"self":[{"href":"https:\/\/radiostudiow.com.br\/site\/wp-json\/wp\/v2\/posts\/20491","targetHints":{"allow":["GET"]}}],"collection":[{"href":"https:\/\/radiostudiow.com.br\/site\/wp-json\/wp\/v2\/posts"}],"about":[{"href":"https:\/\/radiostudiow.com.br\/site\/wp-json\/wp\/v2\/types\/post"}],"author":[{"embeddable":true,"href":"https:\/\/radiostudiow.com.br\/site\/wp-json\/wp\/v2\/users\/2"}],"replies":[{"embeddable":true,"href":"https:\/\/radiostudiow.com.br\/site\/wp-json\/wp\/v2\/comments?post=20491"}],"version-history":[{"count":1,"href":"https:\/\/radiostudiow.com.br\/site\/wp-json\/wp\/v2\/posts\/20491\/revisions"}],"predecessor-version":[{"id":20495,"href":"https:\/\/radiostudiow.com.br\/site\/wp-json\/wp\/v2\/posts\/20491\/revisions\/20495"}],"wp:featuredmedia":[{"embeddable":true,"href":"https:\/\/radiostudiow.com.br\/site\/wp-json\/wp\/v2\/media\/20493"}],"wp:attachment":[{"href":"https:\/\/radiostudiow.com.br\/site\/wp-json\/wp\/v2\/media?parent=20491"}],"wp:term":[{"taxonomy":"category","embeddable":true,"href":"https:\/\/radiostudiow.com.br\/site\/wp-json\/wp\/v2\/categories?post=20491"},{"taxonomy":"post_tag","embeddable":true,"href":"https:\/\/radiostudiow.com.br\/site\/wp-json\/wp\/v2\/tags?post=20491"}],"curies":[{"name":"wp","href":"https:\/\/api.w.org\/{rel}","templated":true}]}}