{"id":20562,"date":"2024-03-14T10:28:54","date_gmt":"2024-03-14T13:28:54","guid":{"rendered":"https:\/\/radiostudiow.com.br\/site\/?p=20562"},"modified":"2025-01-31T15:02:07","modified_gmt":"2025-01-31T18:02:07","slug":"sicredi-esta-no-top-5-de-projecoes-economicas-do-banco-central","status":"publish","type":"post","link":"https:\/\/radiostudiow.com.br\/site\/2024\/03\/14\/sicredi-esta-no-top-5-de-projecoes-economicas-do-banco-central\/","title":{"rendered":"Sicredi est\u00e1 no Top 5 de proje\u00e7\u00f5es econ\u00f4micas do Banco Central"},"content":{"rendered":"\n<p><em>Ranking incentiva o aprimoramento da capacidade preditiva e reconhece esfor\u00e7o anal\u00edtico<\/em><\/p>\n\n\n\n<figure class=\"wp-block-image size-full\"><img decoding=\"async\" src=\"https:\/\/radiostudiow.com.br\/site\/wp-content\/uploads\/2024\/01\/SITE-GRANDE2.png\" alt=\"\" class=\"wp-image-18938\"\/><\/figure>\n\n\n\n<p>O Sicredi, institui\u00e7\u00e3o financeira cooperativa com presen\u00e7a em todo o pa\u00eds, est\u00e1 pelo s\u00e9timo ano consecutivo no ranking anual de proje\u00e7\u00f5es econ\u00f4micas, divulgado pelo Banco Central. Desta vez, o Sicredi conquistou o 3\u00ba lugar em duas categorias &#8211; na proje\u00e7\u00e3o da Taxa de desocupa\u00e7\u00e3o de m\u00e9dio prazo, com as proje\u00e7\u00f5es realizadas por sua \u00e1rea de An\u00e1lise Econ\u00f4mica, e do IPCA Administrados de longo prazo, resultado obtido pela Asset, gestora de recursos da institui\u00e7\u00e3o.<\/p>\n\n\n\n<p><em>Para o economista-chefe do Sicredi, Andr\u00e9 Nunes de Nunes, o resultado refor\u00e7a a capacidade preditiva da institui\u00e7\u00e3o. \u201cRealizamos um trabalho constante de an\u00e1lise do cen\u00e1rio macroecon\u00f4mico, com dados de proje\u00e7\u00f5es que s\u00e3o um grande diferencial e nos auxiliam na gest\u00e3o de recursos pr\u00f3prios e de nossos mais de 7,5 milh\u00f5es de associados\u201d, afirma.<\/em><\/p>\n\n\n\n<figure class=\"wp-block-image size-large\"><img loading=\"lazy\" decoding=\"async\" width=\"1024\" height=\"1024\" src=\"https:\/\/radiostudiow.com.br\/site\/wp-content\/uploads\/2024\/03\/85495-nacional-linkedin-ranking-bc-1x1-1-1024x1024.png\" alt=\"\" class=\"wp-image-20564\" srcset=\"https:\/\/radiostudiow.com.br\/site\/wp-content\/uploads\/2024\/03\/85495-nacional-linkedin-ranking-bc-1x1-1-1024x1024.png 1024w, https:\/\/radiostudiow.com.br\/site\/wp-content\/uploads\/2024\/03\/85495-nacional-linkedin-ranking-bc-1x1-1-300x300.png 300w, https:\/\/radiostudiow.com.br\/site\/wp-content\/uploads\/2024\/03\/85495-nacional-linkedin-ranking-bc-1x1-1-768x768.png 768w, https:\/\/radiostudiow.com.br\/site\/wp-content\/uploads\/2024\/03\/85495-nacional-linkedin-ranking-bc-1x1-1-80x80.png 80w, https:\/\/radiostudiow.com.br\/site\/wp-content\/uploads\/2024\/03\/85495-nacional-linkedin-ranking-bc-1x1-1.png 1080w\" sizes=\"auto, (max-width: 1024px) 100vw, 1024px\" \/><\/figure>\n\n\n\n<p><strong>O economista-chefe da Asset, Luiz Furlani, ainda complementa: <\/strong><em>\u201cEsse reconhecimento \u00e9 resultado do trabalho de uma equipe altamente qualificada e de processos robustos na busca incessante por melhorias que favore\u00e7am ainda mais os nossos associados, cooperativas e centrais do Sicredi\u201d.\u00a0<\/em><\/p>\n\n\n\n<p>As proje\u00e7\u00f5es da Pesquisa Focus do Banco Central s\u00e3o feitas por mais de 170 institui\u00e7\u00f5es do mercado financeiro, como bancos, gestoras de recursos, consultorias e empresas do setor real, que possuem equipes especializadas para projetar as principais vari\u00e1veis macroecon\u00f4micas.&nbsp;&nbsp;<\/p>\n\n\n\n<p>O ranking anual \u00e9 uma forma de incentivar o aprimoramento da capacidade preditiva e reconhecer o esfor\u00e7o anal\u00edtico dos participantes da pesquisa. Seu sistema de classifica\u00e7\u00e3o baseia-se no \u00edndice de acerto das proje\u00e7\u00f5es de curto, m\u00e9dio e longo prazo das institui\u00e7\u00f5es, como o Sicredi. Mensalmente tamb\u00e9m s\u00e3o divulgados os rankings Top 5 de curto prazo e, trimestralmente, os de m\u00e9dio prazo.\u00a0\u00a0<\/p>\n\n\n\n<figure class=\"wp-block-image size-full\"><img decoding=\"async\" src=\"https:\/\/radiostudiow.com.br\/site\/wp-content\/uploads\/2024\/01\/SITE-PEQUENO-1.png\" alt=\"\" class=\"wp-image-19268\"\/><\/figure>\n\n\n\n<p><strong>Sobre o Sicredi<\/strong>&nbsp;&nbsp;<\/p>\n\n\n\n<p>O Sicredi \u00e9 uma institui\u00e7\u00e3o financeira cooperativa comprometida com o crescimento de seus associados e com o desenvolvimento das regi\u00f5es onde atua. Possui um modelo de gest\u00e3o que valoriza a participa\u00e7\u00e3o dos mais de 7,5 milh\u00f5es de associados, que exercem o papel de donos do neg\u00f3cio. Com mais de 2.600 ag\u00eancias, o Sicredi est\u00e1 presente fisicamente em todos os estados brasileiros e no Distrito Federal, disponibilizando uma gama completa de solu\u00e7\u00f5es financeiras e n\u00e3o financeiras. &nbsp;<\/p>\n\n\n\n<p>Site do Sicredi:<a href=\"http:\/\/www.sicredi.com.br\/site\" target=\"_blank\" rel=\"noreferrer noopener\">&nbsp;Clique aqui<\/a>&nbsp;&nbsp;<\/p>\n","protected":false},"excerpt":{"rendered":"<p>Ranking incentiva o aprimoramento da capacidade preditiva e reconhece esfor\u00e7o anal\u00edtico O Sicredi, institui\u00e7\u00e3o financeira cooperativa com presen\u00e7a em todo o pa\u00eds, est\u00e1 pelo s\u00e9timo ano consecutivo no ranking anual de proje\u00e7\u00f5es econ\u00f4micas, divulgado pelo Banco Central. Desta vez, o Sicredi conquistou o 3\u00ba lugar em duas categorias &#8211; na proje\u00e7\u00e3o da Taxa de desocupa\u00e7\u00e3o [&hellip;]<\/p>\n","protected":false},"author":2,"featured_media":20563,"comment_status":"open","ping_status":"open","sticky":false,"template":"","format":"standard","meta":{"footnotes":""},"categories":[7],"tags":[172],"class_list":["post-20562","post","type-post","status-publish","format-standard","has-post-thumbnail","hentry","category-geral","tag-featured"],"amp_enabled":true,"_links":{"self":[{"href":"https:\/\/radiostudiow.com.br\/site\/wp-json\/wp\/v2\/posts\/20562","targetHints":{"allow":["GET"]}}],"collection":[{"href":"https:\/\/radiostudiow.com.br\/site\/wp-json\/wp\/v2\/posts"}],"about":[{"href":"https:\/\/radiostudiow.com.br\/site\/wp-json\/wp\/v2\/types\/post"}],"author":[{"embeddable":true,"href":"https:\/\/radiostudiow.com.br\/site\/wp-json\/wp\/v2\/users\/2"}],"replies":[{"embeddable":true,"href":"https:\/\/radiostudiow.com.br\/site\/wp-json\/wp\/v2\/comments?post=20562"}],"version-history":[{"count":1,"href":"https:\/\/radiostudiow.com.br\/site\/wp-json\/wp\/v2\/posts\/20562\/revisions"}],"predecessor-version":[{"id":20565,"href":"https:\/\/radiostudiow.com.br\/site\/wp-json\/wp\/v2\/posts\/20562\/revisions\/20565"}],"wp:featuredmedia":[{"embeddable":true,"href":"https:\/\/radiostudiow.com.br\/site\/wp-json\/wp\/v2\/media\/20563"}],"wp:attachment":[{"href":"https:\/\/radiostudiow.com.br\/site\/wp-json\/wp\/v2\/media?parent=20562"}],"wp:term":[{"taxonomy":"category","embeddable":true,"href":"https:\/\/radiostudiow.com.br\/site\/wp-json\/wp\/v2\/categories?post=20562"},{"taxonomy":"post_tag","embeddable":true,"href":"https:\/\/radiostudiow.com.br\/site\/wp-json\/wp\/v2\/tags?post=20562"}],"curies":[{"name":"wp","href":"https:\/\/api.w.org\/{rel}","templated":true}]}}