{"id":20588,"date":"2024-03-14T21:08:24","date_gmt":"2024-03-15T00:08:24","guid":{"rendered":"https:\/\/radiostudiow.com.br\/site\/?p=20588"},"modified":"2025-01-31T15:02:07","modified_gmt":"2025-01-31T18:02:07","slug":"em-denuncia-de-maus-tratos-contra-cachorro-homem-e-preso-em-irineopolis","status":"publish","type":"post","link":"https:\/\/radiostudiow.com.br\/site\/2024\/03\/14\/em-denuncia-de-maus-tratos-contra-cachorro-homem-e-preso-em-irineopolis\/","title":{"rendered":"Em den\u00fancia de maus-tratos contra cachorro, homem \u00e9 preso em Irine\u00f3polis"},"content":{"rendered":"\n<p>Em resposta a uma den\u00fancia an\u00f4nima sobre um cachorro da ra\u00e7a \u201cRottweiler\u201d, que estaria em estado de neglig\u00eancia e maus-tratos, a Pol\u00edcia Militar de Santa Catarina (PMSC) realizou a pris\u00e3o do propriet\u00e1rio do animal no munic\u00edpio de Irine\u00f3polis. O fato foi registrado na ter\u00e7a-feira (12).<\/p>\n\n\n\n<figure class=\"wp-block-image size-full\"><img loading=\"lazy\" decoding=\"async\" width=\"897\" height=\"204\" src=\"https:\/\/radiostudiow.com.br\/site\/wp-content\/uploads\/2024\/01\/SITE-GRANDE3.png\" alt=\"zaions\" class=\"wp-image-18936\" srcset=\"https:\/\/radiostudiow.com.br\/site\/wp-content\/uploads\/2024\/01\/SITE-GRANDE3.png 897w, https:\/\/radiostudiow.com.br\/site\/wp-content\/uploads\/2024\/01\/SITE-GRANDE3-300x68.png 300w, https:\/\/radiostudiow.com.br\/site\/wp-content\/uploads\/2024\/01\/SITE-GRANDE3-768x175.png 768w\" sizes=\"auto, (max-width: 897px) 100vw, 897px\" \/><\/figure>\n\n\n\n<p>No local, os policiais fizeram contato com o propriet\u00e1rio do c\u00e3o, o qual apontou o local onde o animal estava mantido.<\/p>\n\n\n\n<p>Foi constatado o cachorro preso a um toco de corrente, sem acesso a comida e \u00e1gua, estando escondido embaixo de uma esp\u00e9cie de compensado e apresentava uma das pernas em estado de decomposi\u00e7\u00e3o, al\u00e9m de ferimentos em um dos olhos. O animal estava visivelmente debilitado e abatido.<\/p>\n\n\n\n<figure class=\"wp-block-image size-full\"><img decoding=\"async\" src=\"https:\/\/radiostudiow.com.br\/site\/wp-content\/uploads\/2024\/01\/SITE-PEQUENO-1.png\" alt=\"\" class=\"wp-image-19268\"\/><\/figure>\n\n\n\n<p>O animal foi imediatamente encaminhado para uma cl\u00ednica veterin\u00e1ria para receber os cuidados necess\u00e1rios. Diante da gravidade da situa\u00e7\u00e3o, foi dada voz de pris\u00e3o ao propriet\u00e1rio pelo crime de maus-tratos, conforme determina a lei.<\/p>\n\n\n\n<figure class=\"wp-block-image size-large\"><img loading=\"lazy\" decoding=\"async\" width=\"1024\" height=\"606\" src=\"https:\/\/radiostudiow.com.br\/site\/wp-content\/uploads\/2024\/03\/02-1-1024x606.jpeg\" alt=\"\" class=\"wp-image-20590\" srcset=\"https:\/\/radiostudiow.com.br\/site\/wp-content\/uploads\/2024\/03\/02-1-1024x606.jpeg 1024w, https:\/\/radiostudiow.com.br\/site\/wp-content\/uploads\/2024\/03\/02-1-300x178.jpeg 300w, https:\/\/radiostudiow.com.br\/site\/wp-content\/uploads\/2024\/03\/02-1-768x455.jpeg 768w, https:\/\/radiostudiow.com.br\/site\/wp-content\/uploads\/2024\/03\/02-1.jpeg 1513w\" sizes=\"auto, (max-width: 1024px) 100vw, 1024px\" \/><\/figure>\n","protected":false},"excerpt":{"rendered":"<p>Em resposta a uma den\u00fancia an\u00f4nima sobre um cachorro da ra\u00e7a \u201cRottweiler\u201d, que estaria em estado de neglig\u00eancia e maus-tratos, a Pol\u00edcia Militar de Santa Catarina (PMSC) realizou a pris\u00e3o do propriet\u00e1rio do animal no munic\u00edpio de Irine\u00f3polis. O fato foi registrado na ter\u00e7a-feira (12). No local, os policiais fizeram contato com o propriet\u00e1rio do [&hellip;]<\/p>\n","protected":false},"author":2,"featured_media":0,"comment_status":"open","ping_status":"open","sticky":false,"template":"","format":"standard","meta":{"footnotes":""},"categories":[2],"tags":[172],"class_list":["post-20588","post","type-post","status-publish","format-standard","hentry","category-policial","tag-featured"],"amp_enabled":true,"_links":{"self":[{"href":"https:\/\/radiostudiow.com.br\/site\/wp-json\/wp\/v2\/posts\/20588","targetHints":{"allow":["GET"]}}],"collection":[{"href":"https:\/\/radiostudiow.com.br\/site\/wp-json\/wp\/v2\/posts"}],"about":[{"href":"https:\/\/radiostudiow.com.br\/site\/wp-json\/wp\/v2\/types\/post"}],"author":[{"embeddable":true,"href":"https:\/\/radiostudiow.com.br\/site\/wp-json\/wp\/v2\/users\/2"}],"replies":[{"embeddable":true,"href":"https:\/\/radiostudiow.com.br\/site\/wp-json\/wp\/v2\/comments?post=20588"}],"version-history":[{"count":1,"href":"https:\/\/radiostudiow.com.br\/site\/wp-json\/wp\/v2\/posts\/20588\/revisions"}],"predecessor-version":[{"id":20591,"href":"https:\/\/radiostudiow.com.br\/site\/wp-json\/wp\/v2\/posts\/20588\/revisions\/20591"}],"wp:attachment":[{"href":"https:\/\/radiostudiow.com.br\/site\/wp-json\/wp\/v2\/media?parent=20588"}],"wp:term":[{"taxonomy":"category","embeddable":true,"href":"https:\/\/radiostudiow.com.br\/site\/wp-json\/wp\/v2\/categories?post=20588"},{"taxonomy":"post_tag","embeddable":true,"href":"https:\/\/radiostudiow.com.br\/site\/wp-json\/wp\/v2\/tags?post=20588"}],"curies":[{"name":"wp","href":"https:\/\/api.w.org\/{rel}","templated":true}]}}