{"id":20604,"date":"2024-03-15T10:28:23","date_gmt":"2024-03-15T13:28:23","guid":{"rendered":"https:\/\/radiostudiow.com.br\/site\/?p=20604"},"modified":"2025-01-31T15:02:07","modified_gmt":"2025-01-31T18:02:07","slug":"bebe-morre-apos-ser-esquecido-trancado-em-carro-por-cerca-de-cinco-horas","status":"publish","type":"post","link":"https:\/\/radiostudiow.com.br\/site\/2024\/03\/15\/bebe-morre-apos-ser-esquecido-trancado-em-carro-por-cerca-de-cinco-horas\/","title":{"rendered":"Beb\u00ea morre ap\u00f3s ser esquecido trancado em carro por cerca de cinco horas"},"content":{"rendered":"\n<p>Segundo o delegado respons\u00e1vel pela Delegacia de Prote\u00e7\u00e3o \u00e0 Crian\u00e7a, ao Adolescente, \u00e0 Mulher e ao Idoso de Canoinhas (DPCAMI), Vin\u00edcius Ferreira, um inqu\u00e9rito foi instaurado para apurar a causa da morte de\u00a0uma crian\u00e7a de um ano e sete meses em Canoinhas nesta quarta-feira (13).<\/p>\n\n\n\n<figure class=\"wp-block-image size-full\"><img decoding=\"async\" src=\"https:\/\/radiostudiow.com.br\/site\/wp-content\/uploads\/2024\/03\/SITE-MEDIO5.png\" alt=\"\" class=\"wp-image-20406\"\/><\/figure>\n\n\n\n<p>A m\u00e3e da crian\u00e7a, de 35 anos, foi ouvida preliminarmente nesta quarta. Bastante desesperada, ela contou que saiu de casa logo ap\u00f3s o almo\u00e7o levando o filho na cadeirinha no banco traseiro do carro. Para ela, o beb\u00ea havia sido deixado no jardim particular no qual ela o deixava todos os dias antes de ir para seu trabalho no Centro de Apoio Psicossocial de Canoinhas (Caps).<\/p>\n\n\n\n<p>\u00c0s 17:30 horas ao deixar o trabalho, a mulher foi apanhar a crian\u00e7a na escola. Contudo, foi informada pelas professoras que nesta quarta ela n\u00e3o havia deixado o filho no local. Desesperada, ela acabou encontrando a crian\u00e7a j\u00e1 morta na cadeirinha no banco traseiro do carro. Ela mesma correu para a Unidade Pronto Atendimento (UPA), mas nada mais poderia ser feito porque a crian\u00e7a j\u00e1 estava morta, com sinais de insola\u00e7\u00e3o na cabe\u00e7a.<\/p>\n\n\n\n<figure class=\"wp-block-image size-large\"><img decoding=\"async\" src=\"https:\/\/radiostudiow.com.br\/site\/wp-content\/uploads\/2024\/02\/capa-1024x387.jpg\" alt=\"\" class=\"wp-image-19551\"\/><\/figure>\n\n\n\n<p>A Pol\u00edcia Militar foi chamada e encaminhou a mulher e o pai da crian\u00e7a para a Delegacia. Segundo o delegado, a m\u00e3e disse ter sofrido um lapso.<em> \u201cA m\u00e3e est\u00e1 em estado e choque e j\u00e1 foi acolhida inicialmente pela psic\u00f3loga policial\u201d, conta o delegado.<\/em><\/p>\n\n\n\n<p>Ainda de acordo com o delegado, segundo a m\u00e3e, a crian\u00e7a ficou cerca de cinco horas trancada no carro. <em>\u201cVamos formalizar as dilig\u00eancias para confirmar o que ocorreu e excluir qualquer outra hip\u00f3tese\u201d, explica se referindo a sequ\u00eancia da investiga\u00e7\u00e3o. Questionado se h\u00e1 possibilidade de a m\u00e3e ser indiciada por homic\u00eddio culposo, o que se comete sem a inten\u00e7\u00e3o, o delegado diz que \u201csomente no final do inqu\u00e9rito policial posso avaliar isso\u201d.<\/em><\/p>\n","protected":false},"excerpt":{"rendered":"<p>Segundo o delegado respons\u00e1vel pela Delegacia de Prote\u00e7\u00e3o \u00e0 Crian\u00e7a, ao Adolescente, \u00e0 Mulher e ao Idoso de Canoinhas (DPCAMI), Vin\u00edcius Ferreira, um inqu\u00e9rito foi instaurado para apurar a causa da morte de\u00a0uma crian\u00e7a de um ano e sete meses em Canoinhas nesta quarta-feira (13). A m\u00e3e da crian\u00e7a, de 35 anos, foi ouvida preliminarmente [&hellip;]<\/p>\n","protected":false},"author":2,"featured_media":20605,"comment_status":"open","ping_status":"open","sticky":false,"template":"","format":"standard","meta":{"footnotes":""},"categories":[2],"tags":[172],"class_list":["post-20604","post","type-post","status-publish","format-standard","has-post-thumbnail","hentry","category-policial","tag-featured"],"amp_enabled":true,"_links":{"self":[{"href":"https:\/\/radiostudiow.com.br\/site\/wp-json\/wp\/v2\/posts\/20604","targetHints":{"allow":["GET"]}}],"collection":[{"href":"https:\/\/radiostudiow.com.br\/site\/wp-json\/wp\/v2\/posts"}],"about":[{"href":"https:\/\/radiostudiow.com.br\/site\/wp-json\/wp\/v2\/types\/post"}],"author":[{"embeddable":true,"href":"https:\/\/radiostudiow.com.br\/site\/wp-json\/wp\/v2\/users\/2"}],"replies":[{"embeddable":true,"href":"https:\/\/radiostudiow.com.br\/site\/wp-json\/wp\/v2\/comments?post=20604"}],"version-history":[{"count":1,"href":"https:\/\/radiostudiow.com.br\/site\/wp-json\/wp\/v2\/posts\/20604\/revisions"}],"predecessor-version":[{"id":20606,"href":"https:\/\/radiostudiow.com.br\/site\/wp-json\/wp\/v2\/posts\/20604\/revisions\/20606"}],"wp:featuredmedia":[{"embeddable":true,"href":"https:\/\/radiostudiow.com.br\/site\/wp-json\/wp\/v2\/media\/20605"}],"wp:attachment":[{"href":"https:\/\/radiostudiow.com.br\/site\/wp-json\/wp\/v2\/media?parent=20604"}],"wp:term":[{"taxonomy":"category","embeddable":true,"href":"https:\/\/radiostudiow.com.br\/site\/wp-json\/wp\/v2\/categories?post=20604"},{"taxonomy":"post_tag","embeddable":true,"href":"https:\/\/radiostudiow.com.br\/site\/wp-json\/wp\/v2\/tags?post=20604"}],"curies":[{"name":"wp","href":"https:\/\/api.w.org\/{rel}","templated":true}]}}