{"id":20607,"date":"2024-03-16T09:20:42","date_gmt":"2024-03-16T12:20:42","guid":{"rendered":"https:\/\/radiostudiow.com.br\/site\/?p=20607"},"modified":"2025-01-31T15:02:07","modified_gmt":"2025-01-31T18:02:07","slug":"homem-furta-bolsa-com-pertences-e-cerca-de-r-2-mil-em-sao-mateus-do-sul","status":"publish","type":"post","link":"https:\/\/radiostudiow.com.br\/site\/2024\/03\/16\/homem-furta-bolsa-com-pertences-e-cerca-de-r-2-mil-em-sao-mateus-do-sul\/","title":{"rendered":"Homem furta bolsa com pertences e cerca de R$ 2 mil em S\u00e3o Mateus do Sul"},"content":{"rendered":"\n<p>A equipe da Pol\u00edcia Militar de S\u00e3o Mateus do Sul foi acionada para atender a uma situa\u00e7\u00e3o de furto qualificado ocorrido em um bar na entrada para Vila Americana nessa quarta-feira (13).<\/p>\n\n\n\n<figure class=\"wp-block-image size-full\"><img decoding=\"async\" src=\"https:\/\/radiostudiow.com.br\/site\/wp-content\/uploads\/2024\/01\/SITE-GRANDE4.png\" alt=\"\" class=\"wp-image-18920\"\/><\/figure>\n\n\n\n<p>Ao chegar no local e contatar a respons\u00e1vel pelo estabelecimento, esta relatou que havia acabado de acordar e percebeu a falta de seu celular. Ao procur\u00e1-lo, notou que a janela frontal do estabelecimento estava arrombada e sua bolsa havia sido furtada, contendo seu celular Samsung, cerca de R$ 2.000,00 em dinheiro e seus documentos pessoais.<\/p>\n\n\n\n<p>A equipe acessou as imagens das c\u00e2meras de seguran\u00e7a do local e constatou que por volta das 02:23 horas, um homem vestindo camiseta, cal\u00e7\u00e3o e chinelos chegou ao estabelecimento, dirigiu-se \u00e0 oficina dos fundos e, em seguida, voltou \u00e0 boate, saindo dela \u00e0s 02:36 horas com uma bolsa nas m\u00e3os.<\/p>\n\n\n\n<figure class=\"wp-block-image size-full\"><img decoding=\"async\" src=\"https:\/\/radiostudiow.com.br\/site\/wp-content\/uploads\/2024\/03\/SITE-MEDIO4.png\" alt=\"\" class=\"wp-image-20117\"\/><\/figure>\n\n\n\n<p>Em conversa com o respons\u00e1vel pela oficina, foi constatado que a porta da mesma havia sido arrombada, mas aparentemente nada havia sido furtado. Como o incidente ocorreu h\u00e1 algum tempo, foram fornecidas apenas orienta\u00e7\u00f5es, dada a impossibilidade de identificar o autor do furto.<\/p>\n","protected":false},"excerpt":{"rendered":"<p>A equipe da Pol\u00edcia Militar de S\u00e3o Mateus do Sul foi acionada para atender a uma situa\u00e7\u00e3o de furto qualificado ocorrido em um bar na entrada para Vila Americana nessa quarta-feira (13). Ao chegar no local e contatar a respons\u00e1vel pelo estabelecimento, esta relatou que havia acabado de acordar e percebeu a falta de seu [&hellip;]<\/p>\n","protected":false},"author":2,"featured_media":16838,"comment_status":"open","ping_status":"open","sticky":false,"template":"","format":"standard","meta":{"footnotes":""},"categories":[2],"tags":[172],"class_list":["post-20607","post","type-post","status-publish","format-standard","has-post-thumbnail","hentry","category-policial","tag-featured"],"amp_enabled":true,"_links":{"self":[{"href":"https:\/\/radiostudiow.com.br\/site\/wp-json\/wp\/v2\/posts\/20607","targetHints":{"allow":["GET"]}}],"collection":[{"href":"https:\/\/radiostudiow.com.br\/site\/wp-json\/wp\/v2\/posts"}],"about":[{"href":"https:\/\/radiostudiow.com.br\/site\/wp-json\/wp\/v2\/types\/post"}],"author":[{"embeddable":true,"href":"https:\/\/radiostudiow.com.br\/site\/wp-json\/wp\/v2\/users\/2"}],"replies":[{"embeddable":true,"href":"https:\/\/radiostudiow.com.br\/site\/wp-json\/wp\/v2\/comments?post=20607"}],"version-history":[{"count":3,"href":"https:\/\/radiostudiow.com.br\/site\/wp-json\/wp\/v2\/posts\/20607\/revisions"}],"predecessor-version":[{"id":20650,"href":"https:\/\/radiostudiow.com.br\/site\/wp-json\/wp\/v2\/posts\/20607\/revisions\/20650"}],"wp:featuredmedia":[{"embeddable":true,"href":"https:\/\/radiostudiow.com.br\/site\/wp-json\/wp\/v2\/media\/16838"}],"wp:attachment":[{"href":"https:\/\/radiostudiow.com.br\/site\/wp-json\/wp\/v2\/media?parent=20607"}],"wp:term":[{"taxonomy":"category","embeddable":true,"href":"https:\/\/radiostudiow.com.br\/site\/wp-json\/wp\/v2\/categories?post=20607"},{"taxonomy":"post_tag","embeddable":true,"href":"https:\/\/radiostudiow.com.br\/site\/wp-json\/wp\/v2\/tags?post=20607"}],"curies":[{"name":"wp","href":"https:\/\/api.w.org\/{rel}","templated":true}]}}