{"id":20609,"date":"2024-03-16T08:29:15","date_gmt":"2024-03-16T11:29:15","guid":{"rendered":"https:\/\/radiostudiow.com.br\/site\/?p=20609"},"modified":"2025-01-31T15:02:07","modified_gmt":"2025-01-31T18:02:07","slug":"um-dos-foragidos-do-depen-de-sao-mateus-do-sul-e-recapturado-em-ponta-grossa","status":"publish","type":"post","link":"https:\/\/radiostudiow.com.br\/site\/2024\/03\/16\/um-dos-foragidos-do-depen-de-sao-mateus-do-sul-e-recapturado-em-ponta-grossa\/","title":{"rendered":"Um dos foragidos do Depen de S\u00e3o Mateus do Sul \u00e9 recapturado em Ponta Grossa"},"content":{"rendered":"\n<p>Jefferson Brand\u00e3o, de 25 anos, um dos presos que havia fugido do Departamento de Pol\u00edcia Penal do Estado do Paran\u00e1 (Depen), de S\u00e3o Mateus do Sul,\u00a0<strong>foi recapturado e preso na casa do pai, em Ponta Grossa, sua cidade de origem.<\/strong>\u00a0A informa\u00e7\u00e3o foi confirmado por Vinicius Fernandes, delegado chefe da Pol\u00edcia Civil de S\u00e3o Mateus do Sul.<\/p>\n\n\n\n<figure class=\"wp-block-image size-full\"><img decoding=\"async\" src=\"https:\/\/radiostudiow.com.br\/site\/wp-content\/uploads\/2024\/01\/SITE-GRANDE2.png\" alt=\"\" class=\"wp-image-18938\"\/><\/figure>\n\n\n\n<p>De acordo com o relato policial das equipes de Ponta Grossa, eles receberam informa\u00e7\u00f5es da ag\u00eancia local de intelig\u00eancia informando poss\u00edvel paradeiro de um foragido recente da cadeia p\u00fablica de S\u00e3o Mateus do Sul.<\/p>\n\n\n\n<p>Uma equipe policial chegou primeiramente at\u00e9 o endere\u00e7o da den\u00fancia. Eles abordaram na frente da resid\u00eancia o irm\u00e3o do foragido, o qual tamb\u00e9m possui mandado de pris\u00e3o em seu desfavor. Ele informou que seu irm\u00e3o, foragido do Depen, estaria abrigado na casa de seu pai.<\/p>\n\n\n\n<p>De posse das informa\u00e7\u00f5es, a equipe K-9 deslocou at\u00e9 o endere\u00e7o, sendo que visualizou e reconheceu Jefferson Brand\u00e3o, o qual adentrou na resid\u00eancia \u00e0s pressas. Diante dos fatos foi dado voz de abordagem ao suspeito, sendo realizada busca pessoal e nada de il\u00edcito localizado. Ele foi algemado devido ao hist\u00f3rico de fuga e nervosismo apresentado.<\/p>\n\n\n\n<p>Ap\u00f3s a pris\u00e3o, o suspeito foi transportado at\u00e9 a penitenci\u00e1ria estadual de Ponta Grossa para entrega e demais provid\u00eancias da pol\u00edcia penal.<\/p>\n\n\n\n<figure class=\"wp-block-image size-large\"><img decoding=\"async\" src=\"https:\/\/radiostudiow.com.br\/site\/wp-content\/uploads\/2024\/02\/capa-1024x387.jpg\" alt=\"\" class=\"wp-image-19551\"\/><\/figure>\n\n\n\n<p>Ainda est\u00e3o foragidos:<\/p>\n\n\n\n<ul class=\"wp-block-list\">\n<li>Luiz Ant\u00f4nio Baginski dos Santos 22 anos, natural de S\u00e3o Jo\u00e3o do Triunfo<\/li>\n\n\n\n<li>Gustavo Santos Leal 19 anos, natural de S\u00e3o Jo\u00e3o do Triunfo<\/li>\n\n\n\n<li>Laumir Jos\u00e9 Ven\u00e2ncio Vidal 36 anos, natural da Lapa.<\/li>\n<\/ul>\n\n\n\n<p><strong>Qualquer informa\u00e7\u00e3o sobre o paradeiro dos envolvidos, as autoridades policiais dever\u00e3o ser acionadas.<\/strong><\/p>\n\n\n\n<figure class=\"wp-block-image\"><img decoding=\"async\" src=\"https:\/\/portalrdx.com.br\/wp-content\/uploads\/2024\/03\/WhatsApp-Image-2024-03-14-at-13.13.51-1024x434.jpeg\" alt=\"\" class=\"wp-image-73571\"\/><\/figure>\n","protected":false},"excerpt":{"rendered":"<p>Jefferson Brand\u00e3o, de 25 anos, um dos presos que havia fugido do Departamento de Pol\u00edcia Penal do Estado do Paran\u00e1 (Depen), de S\u00e3o Mateus do Sul,\u00a0foi recapturado e preso na casa do pai, em Ponta Grossa, sua cidade de origem.\u00a0A informa\u00e7\u00e3o foi confirmado por Vinicius Fernandes, delegado chefe da Pol\u00edcia Civil de S\u00e3o Mateus do [&hellip;]<\/p>\n","protected":false},"author":2,"featured_media":20610,"comment_status":"open","ping_status":"open","sticky":false,"template":"","format":"standard","meta":{"footnotes":""},"categories":[2],"tags":[172],"class_list":["post-20609","post","type-post","status-publish","format-standard","has-post-thumbnail","hentry","category-policial","tag-featured"],"amp_enabled":true,"_links":{"self":[{"href":"https:\/\/radiostudiow.com.br\/site\/wp-json\/wp\/v2\/posts\/20609","targetHints":{"allow":["GET"]}}],"collection":[{"href":"https:\/\/radiostudiow.com.br\/site\/wp-json\/wp\/v2\/posts"}],"about":[{"href":"https:\/\/radiostudiow.com.br\/site\/wp-json\/wp\/v2\/types\/post"}],"author":[{"embeddable":true,"href":"https:\/\/radiostudiow.com.br\/site\/wp-json\/wp\/v2\/users\/2"}],"replies":[{"embeddable":true,"href":"https:\/\/radiostudiow.com.br\/site\/wp-json\/wp\/v2\/comments?post=20609"}],"version-history":[{"count":3,"href":"https:\/\/radiostudiow.com.br\/site\/wp-json\/wp\/v2\/posts\/20609\/revisions"}],"predecessor-version":[{"id":20649,"href":"https:\/\/radiostudiow.com.br\/site\/wp-json\/wp\/v2\/posts\/20609\/revisions\/20649"}],"wp:featuredmedia":[{"embeddable":true,"href":"https:\/\/radiostudiow.com.br\/site\/wp-json\/wp\/v2\/media\/20610"}],"wp:attachment":[{"href":"https:\/\/radiostudiow.com.br\/site\/wp-json\/wp\/v2\/media?parent=20609"}],"wp:term":[{"taxonomy":"category","embeddable":true,"href":"https:\/\/radiostudiow.com.br\/site\/wp-json\/wp\/v2\/categories?post=20609"},{"taxonomy":"post_tag","embeddable":true,"href":"https:\/\/radiostudiow.com.br\/site\/wp-json\/wp\/v2\/tags?post=20609"}],"curies":[{"name":"wp","href":"https:\/\/api.w.org\/{rel}","templated":true}]}}