{"id":20636,"date":"2024-03-15T16:43:11","date_gmt":"2024-03-15T19:43:11","guid":{"rendered":"https:\/\/radiostudiow.com.br\/site\/?p=20636"},"modified":"2025-01-31T15:02:07","modified_gmt":"2025-01-31T18:02:07","slug":"pc-de-irati-e-pm-de-inacio-martins-prende-homem-investigado-por-estupro-de-vulneravel","status":"publish","type":"post","link":"https:\/\/radiostudiow.com.br\/site\/2024\/03\/15\/pc-de-irati-e-pm-de-inacio-martins-prende-homem-investigado-por-estupro-de-vulneravel\/","title":{"rendered":"PC de Irati e PM de In\u00e1cio Martins prende homem investigado por estupro de vulner\u00e1vel"},"content":{"rendered":"\n<p>As equipe das Policiais da 41\u00aa Delegacia de Pol\u00edcia Civil de Irati na manh\u00e3 dessa quarta-feira1 13 de mar\u00e7o,deram cumprimento a mandado de pris\u00e3o preventiva\u00a0de homem de 57 anos, investigado pelo crime de estupro contra v\u00edtima de 9 anos.<\/p>\n\n\n\n<figure class=\"wp-block-image size-full\"><img decoding=\"async\" src=\"https:\/\/radiostudiow.com.br\/site\/wp-content\/uploads\/2024\/03\/SITE-MEDIO5.png\" alt=\"\" class=\"wp-image-20406\"\/><\/figure>\n\n\n\n<p>Os fatos chegaram ao conhecimento da Pol\u00edcia Civil na noite de 02\/03\/2024 (s\u00e1bado), ap\u00f3s encaminhamento do Conselho Tutelar de In\u00e1cio Martins, que prestou primeiro atendimento \u00e0 fam\u00edlia da v\u00edtima, que procurou apoio junto \u00e0 referida institui\u00e7\u00e3o, ap\u00f3s revela\u00e7\u00e3o espont\u00e2nea da v\u00edtima.<\/p>\n\n\n\n<p>Imediatamente foi requisitada a escuta especializada da v\u00edtima, para que os fatos fossem apresentados na presen\u00e7a de profissional de psicologia, observando o rito legal.<\/p>\n\n\n\n<p>Realizado o procedimento de escuta das crian\u00e7as por profissional habilitado, o respectivo relat\u00f3rio foi encaminhado a Delegacia.<\/p>\n\n\n\n<p>Do teor da escuta especializada, do relat\u00f3rio de atendimento do Conselho Tutelar e dos depoimentos familiares, entendeu-se haver ind\u00edcios suficientes de autoria e materialidade do delito.<\/p>\n\n\n\n<figure class=\"wp-block-image size-large\"><img decoding=\"async\" src=\"https:\/\/radiostudiow.com.br\/site\/wp-content\/uploads\/2024\/02\/capa-1024x387.jpg\" alt=\"\" class=\"wp-image-19551\"\/><\/figure>\n\n\n\n<p>Em raz\u00e3o da gravidade e da imin\u00eancia de reitera\u00e7\u00e3o, os Delegados da 41\u00aa Delegacia Pol\u00edcia Civil de Irati representaram pela pris\u00e3o tempor\u00e1ria do investigado em 04\/03\/2024, a qual foi deferida em 08\/03\/2024, no final do dia.<\/p>\n\n\n\n<p>De posse do referido mandado, Policiais da Delegacia de Irati empreenderam esfor\u00e7os na busca do indiv\u00edduo no interior do Munic\u00edpio de In\u00e1cio Martins.<\/p>\n\n\n\n<p>Durante a busca, foi solicitada apoio \u00e0s equipes da Pol\u00edcia Militar locais, que prontamente auxiliaram na localiza\u00e7\u00e3o do paradeiro do indiv\u00edduo, possibilitando a realiza\u00e7\u00e3o de sua pris\u00e3o ainda na manh\u00e3 de hoje.<\/p>\n\n\n\n<p>Encaminhado \u00e0 Delegacia para procedimentos de praxe, o investigado foi interrogado e posteriormente entregue ao Departamento de Pol\u00edcia Penal.<\/p>\n\n\n\n<figure class=\"wp-block-image size-full\"><img loading=\"lazy\" decoding=\"async\" width=\"300\" height=\"180\" src=\"https:\/\/radiostudiow.com.br\/site\/wp-content\/uploads\/2024\/01\/SITE-PEQUENO.png\" alt=\"\" class=\"wp-image-18945\"\/><\/figure>\n\n\n\n<p>Realizado seu interrogat\u00f3rio, o Inqu\u00e9rito Policial se encontra em fase final de conclus\u00e3o.<\/p>\n\n\n\n<p>A a\u00e7\u00e3o concretizada na data de hoje \u00e9 um exemplo da import\u00e2ncia da integra\u00e7\u00e3o do \u00f3rg\u00e3os de prote\u00e7\u00e3o \u00e0 crian\u00e7a e ao adolescente e as For\u00e7as de Seguran\u00e7a P\u00fablica para que se obtenha \u00eaxito no combate a crimes da mesma natureza.<\/p>\n\n\n\n<p>Fonte: PCPR de Irati<\/p>\n","protected":false},"excerpt":{"rendered":"<p>As equipe das Policiais da 41\u00aa Delegacia de Pol\u00edcia Civil de Irati na manh\u00e3 dessa quarta-feira1 13 de mar\u00e7o,deram cumprimento a mandado de pris\u00e3o preventiva\u00a0de homem de 57 anos, investigado pelo crime de estupro contra v\u00edtima de 9 anos. Os fatos chegaram ao conhecimento da Pol\u00edcia Civil na noite de 02\/03\/2024 (s\u00e1bado), ap\u00f3s encaminhamento do [&hellip;]<\/p>\n","protected":false},"author":2,"featured_media":20637,"comment_status":"open","ping_status":"open","sticky":false,"template":"","format":"standard","meta":{"footnotes":""},"categories":[2],"tags":[172],"class_list":["post-20636","post","type-post","status-publish","format-standard","has-post-thumbnail","hentry","category-policial","tag-featured"],"amp_enabled":true,"_links":{"self":[{"href":"https:\/\/radiostudiow.com.br\/site\/wp-json\/wp\/v2\/posts\/20636","targetHints":{"allow":["GET"]}}],"collection":[{"href":"https:\/\/radiostudiow.com.br\/site\/wp-json\/wp\/v2\/posts"}],"about":[{"href":"https:\/\/radiostudiow.com.br\/site\/wp-json\/wp\/v2\/types\/post"}],"author":[{"embeddable":true,"href":"https:\/\/radiostudiow.com.br\/site\/wp-json\/wp\/v2\/users\/2"}],"replies":[{"embeddable":true,"href":"https:\/\/radiostudiow.com.br\/site\/wp-json\/wp\/v2\/comments?post=20636"}],"version-history":[{"count":1,"href":"https:\/\/radiostudiow.com.br\/site\/wp-json\/wp\/v2\/posts\/20636\/revisions"}],"predecessor-version":[{"id":20638,"href":"https:\/\/radiostudiow.com.br\/site\/wp-json\/wp\/v2\/posts\/20636\/revisions\/20638"}],"wp:featuredmedia":[{"embeddable":true,"href":"https:\/\/radiostudiow.com.br\/site\/wp-json\/wp\/v2\/media\/20637"}],"wp:attachment":[{"href":"https:\/\/radiostudiow.com.br\/site\/wp-json\/wp\/v2\/media?parent=20636"}],"wp:term":[{"taxonomy":"category","embeddable":true,"href":"https:\/\/radiostudiow.com.br\/site\/wp-json\/wp\/v2\/categories?post=20636"},{"taxonomy":"post_tag","embeddable":true,"href":"https:\/\/radiostudiow.com.br\/site\/wp-json\/wp\/v2\/tags?post=20636"}],"curies":[{"name":"wp","href":"https:\/\/api.w.org\/{rel}","templated":true}]}}