{"id":20644,"date":"2024-03-15T17:05:03","date_gmt":"2024-03-15T20:05:03","guid":{"rendered":"https:\/\/radiostudiow.com.br\/site\/?p=20644"},"modified":"2025-01-31T15:02:07","modified_gmt":"2025-01-31T18:02:07","slug":"onibus-com-pacientes-do-sus-e-alvo-de-assalto-na-br-277-em-prudentopolis","status":"publish","type":"post","link":"https:\/\/radiostudiow.com.br\/site\/2024\/03\/15\/onibus-com-pacientes-do-sus-e-alvo-de-assalto-na-br-277-em-prudentopolis\/","title":{"rendered":"\u00d4nibus com pacientes do SUS \u00e9 alvo de assalto na BR-277 em Prudent\u00f3polis"},"content":{"rendered":"\n<p>Acionado ainda chaveiro para a confec\u00e7\u00e3o de nova chave, e a equipe do SUS de Laranjeiras do Sul-PR, para envio de novo ve\u00edculo destinado ao transporte dos passageiro para Curitiba.<\/p>\n\n\n\n<p>Por volta das 03:40 horas da madrugada dessa quinta-feira, 14 de mar\u00e7o,  na BR-277 km 267,0 em Prudent\u00f3polis\/PR, a equipe PRF foi acionada para verificar situa\u00e7\u00e3o de assalto \u00e0 \u00f4nibus de transporte de pacientes do SUS com 40 passageiros.<\/p>\n\n\n\n<figure class=\"wp-block-image size-full\"><img loading=\"lazy\" decoding=\"async\" width=\"897\" height=\"204\" src=\"https:\/\/radiostudiow.com.br\/site\/wp-content\/uploads\/2024\/01\/SITE-GRANDE3.png\" alt=\"zaions\" class=\"wp-image-18936\" srcset=\"https:\/\/radiostudiow.com.br\/site\/wp-content\/uploads\/2024\/01\/SITE-GRANDE3.png 897w, https:\/\/radiostudiow.com.br\/site\/wp-content\/uploads\/2024\/01\/SITE-GRANDE3-300x68.png 300w, https:\/\/radiostudiow.com.br\/site\/wp-content\/uploads\/2024\/01\/SITE-GRANDE3-768x175.png 768w\" sizes=\"auto, (max-width: 897px) 100vw, 897px\" \/><\/figure>\n\n\n\n<p>Foi relatado pelo motorista do \u00f4nibus e pelos passageiros, que ao menos oito indiv\u00edduos armados de pistola, a bordo de um ve\u00edculo renault\/oroch branco e uma santa f\u00e9 bege, deram ordem de parada ao coletivo, informando se tratar de uma abordagem policial, e fizeram com que o condutor adentrasse em uma estrada vicinal.<\/p>\n\n\n\n<p>No local interrogaram o motorista acerca da droga que era pra estar sendo transportada no ve\u00edculo. Se evadiram em sequ\u00eancia, subtraindo apenas os pertences do motorista e as chaves do ve\u00edculo.<\/p>\n\n\n\n<p>Diante dos fatos equipe PRF prestou apoio aos envolvidos e acionou a concession\u00e1ria para remo\u00e7\u00e3o dos ocupantes do \u00f4nibus, at\u00e9 o posto do CHAP\u00c3O DO MOREIRA.<\/p>\n\n\n\n<figure class=\"wp-block-image size-large\"><img decoding=\"async\" src=\"https:\/\/radiostudiow.com.br\/site\/wp-content\/uploads\/2024\/02\/image-37-1024x390.png\" alt=\"\" class=\"wp-image-20080\"\/><\/figure>\n\n\n\n<p>Tal procedimento se fez necess\u00e1rio em raz\u00e3o da impossibilidade de remover o ve\u00edculo tomado em assalto do local. Acionado ainda chaveiro para a confec\u00e7\u00e3o de nova chave, e a equipe do SUS de Laranjeiras do Sul-PR, para envio de novo ve\u00edculo destinado ao transporte dos passageiro para Curitiba.<\/p>\n\n\n\n<p>Informa\u00e7\u00e3o PRF<\/p>\n\n\n\n<p>Imagem Blog Meia Hora Not\u00edcias<\/p>\n","protected":false},"excerpt":{"rendered":"<p>Acionado ainda chaveiro para a confec\u00e7\u00e3o de nova chave, e a equipe do SUS de Laranjeiras do Sul-PR, para envio de novo ve\u00edculo destinado ao transporte dos passageiro para Curitiba. Por volta das 03:40 horas da madrugada dessa quinta-feira, 14 de mar\u00e7o, na BR-277 km 267,0 em Prudent\u00f3polis\/PR, a equipe PRF foi acionada para verificar [&hellip;]<\/p>\n","protected":false},"author":2,"featured_media":20645,"comment_status":"open","ping_status":"open","sticky":false,"template":"","format":"standard","meta":{"footnotes":""},"categories":[2],"tags":[172],"class_list":["post-20644","post","type-post","status-publish","format-standard","has-post-thumbnail","hentry","category-policial","tag-featured"],"amp_enabled":true,"_links":{"self":[{"href":"https:\/\/radiostudiow.com.br\/site\/wp-json\/wp\/v2\/posts\/20644","targetHints":{"allow":["GET"]}}],"collection":[{"href":"https:\/\/radiostudiow.com.br\/site\/wp-json\/wp\/v2\/posts"}],"about":[{"href":"https:\/\/radiostudiow.com.br\/site\/wp-json\/wp\/v2\/types\/post"}],"author":[{"embeddable":true,"href":"https:\/\/radiostudiow.com.br\/site\/wp-json\/wp\/v2\/users\/2"}],"replies":[{"embeddable":true,"href":"https:\/\/radiostudiow.com.br\/site\/wp-json\/wp\/v2\/comments?post=20644"}],"version-history":[{"count":1,"href":"https:\/\/radiostudiow.com.br\/site\/wp-json\/wp\/v2\/posts\/20644\/revisions"}],"predecessor-version":[{"id":20646,"href":"https:\/\/radiostudiow.com.br\/site\/wp-json\/wp\/v2\/posts\/20644\/revisions\/20646"}],"wp:featuredmedia":[{"embeddable":true,"href":"https:\/\/radiostudiow.com.br\/site\/wp-json\/wp\/v2\/media\/20645"}],"wp:attachment":[{"href":"https:\/\/radiostudiow.com.br\/site\/wp-json\/wp\/v2\/media?parent=20644"}],"wp:term":[{"taxonomy":"category","embeddable":true,"href":"https:\/\/radiostudiow.com.br\/site\/wp-json\/wp\/v2\/categories?post=20644"},{"taxonomy":"post_tag","embeddable":true,"href":"https:\/\/radiostudiow.com.br\/site\/wp-json\/wp\/v2\/tags?post=20644"}],"curies":[{"name":"wp","href":"https:\/\/api.w.org\/{rel}","templated":true}]}}