{"id":20653,"date":"2024-03-16T09:24:49","date_gmt":"2024-03-16T12:24:49","guid":{"rendered":"https:\/\/radiostudiow.com.br\/site\/?p=20653"},"modified":"2025-01-31T15:02:07","modified_gmt":"2025-01-31T18:02:07","slug":"cogemate-vai-unir-municipios-da-amsulpar-e-amcespar-para-fortalecer-trabalho","status":"publish","type":"post","link":"https:\/\/radiostudiow.com.br\/site\/2024\/03\/16\/cogemate-vai-unir-municipios-da-amsulpar-e-amcespar-para-fortalecer-trabalho\/","title":{"rendered":"COGEMATE vai unir munic\u00edpios da AMSULPAR e AMCESPAR para fortalecer trabalho"},"content":{"rendered":"\n<p>O Conselho Gestor de Erva Mate \u2013 COGEMATE, sob a presidente de Nei Kukla, vem buscando a cada dia fortalecer o trabalho em prol da cadeia produtiva de erva-mate. Uma das \u00faltimas a\u00e7\u00f5es realizadas foi \u00e0s tratativas para uni\u00e3o entre as associa\u00e7\u00f5es da AMSULPAR E AMCESPAR.<\/p>\n\n\n\n<figure class=\"wp-block-image size-full\"><img loading=\"lazy\" decoding=\"async\" width=\"598\" height=\"204\" src=\"https:\/\/radiostudiow.com.br\/site\/wp-content\/uploads\/2024\/01\/SITE-MEDIO.png\" alt=\"\" class=\"wp-image-18916\" srcset=\"https:\/\/radiostudiow.com.br\/site\/wp-content\/uploads\/2024\/01\/SITE-MEDIO.png 598w, https:\/\/radiostudiow.com.br\/site\/wp-content\/uploads\/2024\/01\/SITE-MEDIO-300x102.png 300w\" sizes=\"auto, (max-width: 598px) 100vw, 598px\" \/><\/figure>\n\n\n\n<p>Atualmente, a COGEMATE abrange os munic\u00edpios que comp\u00f5em a AMSULPAR (Ant\u00f4nio Olinto, Bituruna, Cruz Machado, General Carneiro, Paula Freitas, Paulo Frontin, Porto Vit\u00f3ria, S\u00e3o Mateus do Sul e Uni\u00e3o da Vit\u00f3ria. A iniciativa visa incluir no Cogemate outros 10 munic\u00edpios, os quais comp\u00f5em a Associa\u00e7\u00e3o dos Munic\u00edpios do Centro Sul do Paran\u00e1 (Amcespar), sendo Teixeira Soares, Rio Azul, Rebou\u00e7as, Prudent\u00f3polis, Mallet, Irati, Imbituva, In\u00e1cio Martins, Guaramiranga e Fernandes Pinheiro.<\/p>\n\n\n\n<p>Na ter\u00e7a-feira (12), uma importante reuni\u00e3o debateu sobre essa fus\u00e3o que vai permitir um trabalho mais fortalecido pela erva-mate. A ideia ainda ser\u00e1 aprovada oficialmente pela AMCESPAR e o termo de coopera\u00e7\u00e3o entre as associa\u00e7\u00f5es deve ser assinado em meados de abril.<\/p>\n\n\n\n<figure class=\"wp-block-image size-full\"><img loading=\"lazy\" decoding=\"async\" width=\"300\" height=\"180\" src=\"https:\/\/radiostudiow.com.br\/site\/wp-content\/uploads\/2024\/01\/SITE-PEQUENO.png\" alt=\"\" class=\"wp-image-18945\"\/><\/figure>\n\n\n\n<p><em>\u201cUm passo importante, onde a AMCESPAR estar\u00e1 aderindo ao COGEMATE, vindo a somar com seus munic\u00edpios que tamb\u00e9m tem grande import\u00e2ncia na produ\u00e7\u00e3o de erva-mate. Essa parceria ir\u00e1 dar for\u00e7a para pleitear pol\u00edticas p\u00fablicas, somando os trabalhos que j\u00e1 vem sendo realizados\u201d, destacou o presidente do COGEMATE, Nei Kukla.<\/em><\/p>\n\n\n\n<p>Fonte: VVale<\/p>\n","protected":false},"excerpt":{"rendered":"<p>O Conselho Gestor de Erva Mate \u2013 COGEMATE, sob a presidente de Nei Kukla, vem buscando a cada dia fortalecer o trabalho em prol da cadeia produtiva de erva-mate. Uma das \u00faltimas a\u00e7\u00f5es realizadas foi \u00e0s tratativas para uni\u00e3o entre as associa\u00e7\u00f5es da AMSULPAR E AMCESPAR. Atualmente, a COGEMATE abrange os munic\u00edpios que comp\u00f5em a [&hellip;]<\/p>\n","protected":false},"author":2,"featured_media":20654,"comment_status":"open","ping_status":"open","sticky":false,"template":"","format":"standard","meta":{"footnotes":""},"categories":[7],"tags":[172],"class_list":["post-20653","post","type-post","status-publish","format-standard","has-post-thumbnail","hentry","category-geral","tag-featured"],"amp_enabled":true,"_links":{"self":[{"href":"https:\/\/radiostudiow.com.br\/site\/wp-json\/wp\/v2\/posts\/20653","targetHints":{"allow":["GET"]}}],"collection":[{"href":"https:\/\/radiostudiow.com.br\/site\/wp-json\/wp\/v2\/posts"}],"about":[{"href":"https:\/\/radiostudiow.com.br\/site\/wp-json\/wp\/v2\/types\/post"}],"author":[{"embeddable":true,"href":"https:\/\/radiostudiow.com.br\/site\/wp-json\/wp\/v2\/users\/2"}],"replies":[{"embeddable":true,"href":"https:\/\/radiostudiow.com.br\/site\/wp-json\/wp\/v2\/comments?post=20653"}],"version-history":[{"count":1,"href":"https:\/\/radiostudiow.com.br\/site\/wp-json\/wp\/v2\/posts\/20653\/revisions"}],"predecessor-version":[{"id":20655,"href":"https:\/\/radiostudiow.com.br\/site\/wp-json\/wp\/v2\/posts\/20653\/revisions\/20655"}],"wp:featuredmedia":[{"embeddable":true,"href":"https:\/\/radiostudiow.com.br\/site\/wp-json\/wp\/v2\/media\/20654"}],"wp:attachment":[{"href":"https:\/\/radiostudiow.com.br\/site\/wp-json\/wp\/v2\/media?parent=20653"}],"wp:term":[{"taxonomy":"category","embeddable":true,"href":"https:\/\/radiostudiow.com.br\/site\/wp-json\/wp\/v2\/categories?post=20653"},{"taxonomy":"post_tag","embeddable":true,"href":"https:\/\/radiostudiow.com.br\/site\/wp-json\/wp\/v2\/tags?post=20653"}],"curies":[{"name":"wp","href":"https:\/\/api.w.org\/{rel}","templated":true}]}}