{"id":20657,"date":"2024-03-16T09:26:43","date_gmt":"2024-03-16T12:26:43","guid":{"rendered":"https:\/\/radiostudiow.com.br\/site\/?p=20657"},"modified":"2025-01-31T15:02:06","modified_gmt":"2025-01-31T18:02:06","slug":"morre-no-hospital-homem-que-foi-baleado-na-cabeca-em-porto-uniao","status":"publish","type":"post","link":"https:\/\/radiostudiow.com.br\/site\/2024\/03\/16\/morre-no-hospital-homem-que-foi-baleado-na-cabeca-em-porto-uniao\/","title":{"rendered":"Morre no hospital homem que foi baleado na cabe\u00e7a em Porto Uni\u00e3o"},"content":{"rendered":"\n<p>Devido a gravidade dos ferimentos, o homem identificado como Everson Moreira, de 51 anos, que foi v\u00edtima de disparos de arma de fogo no in\u00edcio da manh\u00e3 de ontem, 14, teve morte cerebral confirmada nesta sexta-feira, 15.<\/p>\n\n\n\n<figure class=\"wp-block-image size-full\"><img decoding=\"async\" src=\"https:\/\/radiostudiow.com.br\/site\/wp-content\/uploads\/2024\/01\/SITE-PEQUENO3.png\" alt=\"\" class=\"wp-image-18924\"\/><\/figure>\n\n\n\n<p>Os disparos foram registrados na rua Professor Didio Augusto, no Bairro S\u00e3o Pedro. Segundo relatos, a v\u00edtima foi encontrada ca\u00edda em via p\u00fablica, apresentando um ferimento perfurante na regi\u00e3o da cabe\u00e7a. Os primeiros socorros foram prestados imediatamente, considerando os sinais vitais alterados da v\u00edtima.<\/p>\n\n\n\n<p>Everson foi encaminhado com vida para o hospital, onde permaneceu na UTI at\u00e9 a tarde desta sexta-feira.<\/p>\n\n\n\n<figure class=\"wp-block-image size-full\"><img decoding=\"async\" src=\"https:\/\/radiostudiow.com.br\/site\/wp-content\/uploads\/2024\/03\/SITE-MEDIO5.png\" alt=\"\" class=\"wp-image-20406\"\/><\/figure>\n\n\n\n<p>A Pol\u00edcia Civil est\u00e1 investigando o caso. O que se sabe at\u00e9 agora \u00e9 que a v\u00edtima estava aguardando o transporte para o trabalho em um ponto de \u00f4nibus quando os disparos o atingiram.<\/p>\n","protected":false},"excerpt":{"rendered":"<p>Devido a gravidade dos ferimentos, o homem identificado como Everson Moreira, de 51 anos, que foi v\u00edtima de disparos de arma de fogo no in\u00edcio da manh\u00e3 de ontem, 14, teve morte cerebral confirmada nesta sexta-feira, 15. Os disparos foram registrados na rua Professor Didio Augusto, no Bairro S\u00e3o Pedro. Segundo relatos, a v\u00edtima foi [&hellip;]<\/p>\n","protected":false},"author":2,"featured_media":20658,"comment_status":"open","ping_status":"open","sticky":false,"template":"","format":"standard","meta":{"footnotes":""},"categories":[185],"tags":[172],"class_list":["post-20657","post","type-post","status-publish","format-standard","has-post-thumbnail","hentry","category-regional","tag-featured"],"amp_enabled":true,"_links":{"self":[{"href":"https:\/\/radiostudiow.com.br\/site\/wp-json\/wp\/v2\/posts\/20657","targetHints":{"allow":["GET"]}}],"collection":[{"href":"https:\/\/radiostudiow.com.br\/site\/wp-json\/wp\/v2\/posts"}],"about":[{"href":"https:\/\/radiostudiow.com.br\/site\/wp-json\/wp\/v2\/types\/post"}],"author":[{"embeddable":true,"href":"https:\/\/radiostudiow.com.br\/site\/wp-json\/wp\/v2\/users\/2"}],"replies":[{"embeddable":true,"href":"https:\/\/radiostudiow.com.br\/site\/wp-json\/wp\/v2\/comments?post=20657"}],"version-history":[{"count":1,"href":"https:\/\/radiostudiow.com.br\/site\/wp-json\/wp\/v2\/posts\/20657\/revisions"}],"predecessor-version":[{"id":20659,"href":"https:\/\/radiostudiow.com.br\/site\/wp-json\/wp\/v2\/posts\/20657\/revisions\/20659"}],"wp:featuredmedia":[{"embeddable":true,"href":"https:\/\/radiostudiow.com.br\/site\/wp-json\/wp\/v2\/media\/20658"}],"wp:attachment":[{"href":"https:\/\/radiostudiow.com.br\/site\/wp-json\/wp\/v2\/media?parent=20657"}],"wp:term":[{"taxonomy":"category","embeddable":true,"href":"https:\/\/radiostudiow.com.br\/site\/wp-json\/wp\/v2\/categories?post=20657"},{"taxonomy":"post_tag","embeddable":true,"href":"https:\/\/radiostudiow.com.br\/site\/wp-json\/wp\/v2\/tags?post=20657"}],"curies":[{"name":"wp","href":"https:\/\/api.w.org\/{rel}","templated":true}]}}