{"id":20669,"date":"2024-03-16T09:58:35","date_gmt":"2024-03-16T12:58:35","guid":{"rendered":"https:\/\/radiostudiow.com.br\/site\/?p=20669"},"modified":"2025-01-31T15:02:06","modified_gmt":"2025-01-31T18:02:06","slug":"motorista-perde-controle-e-tomba-carreta-na-br-153-em-general-carneiro","status":"publish","type":"post","link":"https:\/\/radiostudiow.com.br\/site\/2024\/03\/16\/motorista-perde-controle-e-tomba-carreta-na-br-153-em-general-carneiro\/","title":{"rendered":"Motorista perde controle e tomba carreta na BR-153 em General Carneiro"},"content":{"rendered":"\n<p>O motorista de uma carreta furg\u00e3o que estava vazia, perdeu o controle da dire\u00e7\u00e3o, subiu em um barranco e tombou na rodovia BR-153, em General Carneiro.<\/p>\n\n\n\n<figure class=\"wp-block-image size-full\"><img decoding=\"async\" src=\"https:\/\/radiostudiow.com.br\/site\/wp-content\/uploads\/2024\/01\/SITE-GRANDE.png\" alt=\"\" class=\"wp-image-18949\"\/><\/figure>\n\n\n\n<p>O acidente que foi atendido pelos bombeiros de General Carneiro aconteceu na altura do quil\u00f4metro 516, pr\u00f3ximo \u00e0 ponte do rio Farias, por volta das 21h30. O motorista sofreu apenas escoria\u00e7\u00f5es.<\/p>\n\n\n\n<figure class=\"wp-block-image size-full\"><img loading=\"lazy\" decoding=\"async\" width=\"500\" height=\"348\" src=\"https:\/\/radiostudiow.com.br\/site\/wp-content\/uploads\/2024\/03\/image-30.png\" alt=\"\" class=\"wp-image-20671\" srcset=\"https:\/\/radiostudiow.com.br\/site\/wp-content\/uploads\/2024\/03\/image-30.png 500w, https:\/\/radiostudiow.com.br\/site\/wp-content\/uploads\/2024\/03\/image-30-300x209.png 300w\" sizes=\"auto, (max-width: 500px) 100vw, 500px\" \/><\/figure>\n","protected":false},"excerpt":{"rendered":"<p>O motorista de uma carreta furg\u00e3o que estava vazia, perdeu o controle da dire\u00e7\u00e3o, subiu em um barranco e tombou na rodovia BR-153, em General Carneiro. O acidente que foi atendido pelos bombeiros de General Carneiro aconteceu na altura do quil\u00f4metro 516, pr\u00f3ximo \u00e0 ponte do rio Farias, por volta das 21h30. O motorista sofreu [&hellip;]<\/p>\n","protected":false},"author":2,"featured_media":20670,"comment_status":"open","ping_status":"open","sticky":false,"template":"","format":"standard","meta":{"footnotes":""},"categories":[185],"tags":[172],"class_list":["post-20669","post","type-post","status-publish","format-standard","has-post-thumbnail","hentry","category-regional","tag-featured"],"amp_enabled":true,"_links":{"self":[{"href":"https:\/\/radiostudiow.com.br\/site\/wp-json\/wp\/v2\/posts\/20669","targetHints":{"allow":["GET"]}}],"collection":[{"href":"https:\/\/radiostudiow.com.br\/site\/wp-json\/wp\/v2\/posts"}],"about":[{"href":"https:\/\/radiostudiow.com.br\/site\/wp-json\/wp\/v2\/types\/post"}],"author":[{"embeddable":true,"href":"https:\/\/radiostudiow.com.br\/site\/wp-json\/wp\/v2\/users\/2"}],"replies":[{"embeddable":true,"href":"https:\/\/radiostudiow.com.br\/site\/wp-json\/wp\/v2\/comments?post=20669"}],"version-history":[{"count":1,"href":"https:\/\/radiostudiow.com.br\/site\/wp-json\/wp\/v2\/posts\/20669\/revisions"}],"predecessor-version":[{"id":20672,"href":"https:\/\/radiostudiow.com.br\/site\/wp-json\/wp\/v2\/posts\/20669\/revisions\/20672"}],"wp:featuredmedia":[{"embeddable":true,"href":"https:\/\/radiostudiow.com.br\/site\/wp-json\/wp\/v2\/media\/20670"}],"wp:attachment":[{"href":"https:\/\/radiostudiow.com.br\/site\/wp-json\/wp\/v2\/media?parent=20669"}],"wp:term":[{"taxonomy":"category","embeddable":true,"href":"https:\/\/radiostudiow.com.br\/site\/wp-json\/wp\/v2\/categories?post=20669"},{"taxonomy":"post_tag","embeddable":true,"href":"https:\/\/radiostudiow.com.br\/site\/wp-json\/wp\/v2\/tags?post=20669"}],"curies":[{"name":"wp","href":"https:\/\/api.w.org\/{rel}","templated":true}]}}