{"id":20694,"date":"2024-03-19T09:37:29","date_gmt":"2024-03-19T12:37:29","guid":{"rendered":"https:\/\/radiostudiow.com.br\/site\/?p=20694"},"modified":"2025-01-31T15:02:06","modified_gmt":"2025-01-31T18:02:06","slug":"van-de-reboucas-e-incendiada-em-guaratuba","status":"publish","type":"post","link":"https:\/\/radiostudiow.com.br\/site\/2024\/03\/19\/van-de-reboucas-e-incendiada-em-guaratuba\/","title":{"rendered":"Van de Rebou\u00e7as \u00e9 incendiada em Guaratuba"},"content":{"rendered":"\n<p>Por volta das por volta das 03:00 horas madrugada de domingo (17), o Corpo de Bombeiros de Guaratuba foi acionado para combater um inc\u00eandio em uma van de turismo. O ve\u00edculo, que trouxe um grupo de 14 pessoas vindas de Rio Azul, Paran\u00e1, estava estacionado no litoral desde o dia (14).<\/p>\n\n\n\n<figure class=\"wp-block-image size-full\"><img decoding=\"async\" src=\"https:\/\/radiostudiow.com.br\/site\/wp-content\/uploads\/2024\/03\/SITE-MEDIO5.png\" alt=\"\" class=\"wp-image-20406\"\/><\/figure>\n\n\n\n<p>Chegando ao local, os bombeiros se depararam com o ve\u00edculo j\u00e1 consumido pelas chamas. Suspeitas de que o inc\u00eandio tenha sido criminoso surgiram quando testemunhas afirmaram ter visto duas pessoas, nas proximidades pouco antes do ocorrido. Segundo relatos, essas pessoas estavam segurando ma\u00e7aricos e atearam fogo em uma lixeira pr\u00f3xima ao local do inc\u00eandio.<\/p>\n\n\n\n<p>A pol\u00edcia agora est\u00e1 investigando o caso e considera a possibilidade de inc\u00eandio criminoso. Felizmente, ningu\u00e9m ficou ferido no incidente. O motorista da van, Jo\u00e3o Santos, relatou as imagens do ocorrido e fez um apelo para que qualquer pessoa que possua imagens de c\u00e2meras de seguran\u00e7a nas redondezas entre em contato atrav\u00e9s do WhatsApp no n\u00famero 42 99804 4062.<\/p>\n\n\n\n<figure class=\"wp-block-image size-large\"><img decoding=\"async\" src=\"https:\/\/radiostudiow.com.br\/site\/wp-content\/uploads\/2024\/03\/LABIRATI-1024x1024.png\" alt=\"\" class=\"wp-image-20677\"\/><\/figure>\n\n\n\n<p>Ainda n\u00e3o h\u00e1 informa\u00e7\u00f5es sobre o motivo que poderia ter levado ao inc\u00eandio. As autoridades est\u00e3o realizando uma investiga\u00e7\u00e3o ampla e espera-se que mais detalhes sejam divulgados nos pr\u00f3ximos dias.<\/p>\n\n\n\n<figure class=\"wp-block-video\"><video controls src=\"https:\/\/radiostudiow.com.br\/site\/wp-content\/uploads\/2024\/03\/97f6dba4-0084-48a4-ab59-53b8cf878af3.mp4\"><\/video><\/figure>\n\n\n\n<p>Informa\u00e7\u00e3o Portal Litor\u00e2nia<br>Imagens Jo\u00e3o Santos<\/p>\n","protected":false},"excerpt":{"rendered":"<p>Por volta das por volta das 03:00 horas madrugada de domingo (17), o Corpo de Bombeiros de Guaratuba foi acionado para combater um inc\u00eandio em uma van de turismo. O ve\u00edculo, que trouxe um grupo de 14 pessoas vindas de Rio Azul, Paran\u00e1, estava estacionado no litoral desde o dia (14). Chegando ao local, os [&hellip;]<\/p>\n","protected":false},"author":2,"featured_media":20695,"comment_status":"open","ping_status":"open","sticky":false,"template":"","format":"standard","meta":{"footnotes":""},"categories":[2],"tags":[172],"class_list":["post-20694","post","type-post","status-publish","format-standard","has-post-thumbnail","hentry","category-policial","tag-featured"],"amp_enabled":true,"_links":{"self":[{"href":"https:\/\/radiostudiow.com.br\/site\/wp-json\/wp\/v2\/posts\/20694","targetHints":{"allow":["GET"]}}],"collection":[{"href":"https:\/\/radiostudiow.com.br\/site\/wp-json\/wp\/v2\/posts"}],"about":[{"href":"https:\/\/radiostudiow.com.br\/site\/wp-json\/wp\/v2\/types\/post"}],"author":[{"embeddable":true,"href":"https:\/\/radiostudiow.com.br\/site\/wp-json\/wp\/v2\/users\/2"}],"replies":[{"embeddable":true,"href":"https:\/\/radiostudiow.com.br\/site\/wp-json\/wp\/v2\/comments?post=20694"}],"version-history":[{"count":3,"href":"https:\/\/radiostudiow.com.br\/site\/wp-json\/wp\/v2\/posts\/20694\/revisions"}],"predecessor-version":[{"id":20750,"href":"https:\/\/radiostudiow.com.br\/site\/wp-json\/wp\/v2\/posts\/20694\/revisions\/20750"}],"wp:featuredmedia":[{"embeddable":true,"href":"https:\/\/radiostudiow.com.br\/site\/wp-json\/wp\/v2\/media\/20695"}],"wp:attachment":[{"href":"https:\/\/radiostudiow.com.br\/site\/wp-json\/wp\/v2\/media?parent=20694"}],"wp:term":[{"taxonomy":"category","embeddable":true,"href":"https:\/\/radiostudiow.com.br\/site\/wp-json\/wp\/v2\/categories?post=20694"},{"taxonomy":"post_tag","embeddable":true,"href":"https:\/\/radiostudiow.com.br\/site\/wp-json\/wp\/v2\/tags?post=20694"}],"curies":[{"name":"wp","href":"https:\/\/api.w.org\/{rel}","templated":true}]}}