{"id":20702,"date":"2024-03-18T11:32:48","date_gmt":"2024-03-18T14:32:48","guid":{"rendered":"https:\/\/radiostudiow.com.br\/site\/?p=20702"},"modified":"2025-01-31T15:02:06","modified_gmt":"2025-01-31T18:02:06","slug":"pericia-mostra-que-caminhao-foi-culpado-por-acidente-que-tirou-a-vida-de-jovem-de-antonio-olinto","status":"publish","type":"post","link":"https:\/\/radiostudiow.com.br\/site\/2024\/03\/18\/pericia-mostra-que-caminhao-foi-culpado-por-acidente-que-tirou-a-vida-de-jovem-de-antonio-olinto\/","title":{"rendered":"Per\u00edcia mostra que caminh\u00e3o foi culpado por acidente que tirou a vida de jovem de Ant\u00f4nio Olinto"},"content":{"rendered":"\n<p>A fam\u00edlia do jovem\u00a0<a href=\"https:\/\/radiostudiow.com.br\/site\/2024\/01\/27\/jovem-perde-a-vida-em-grave-acidente-na-br-476-em-sao-mateus-do-sul\/\" data-type=\"link\" data-id=\"https:\/\/radiostudiow.com.br\/site\/2024\/01\/27\/jovem-perde-a-vida-em-grave-acidente-na-br-476-em-sao-mateus-do-sul\/\">La\u00e9rcio Max Wolff, 24 anos,\u00a0que faleceu em um grav\u00edssimo acidente de tr\u00e2nsito no dia 27 de janeiro de 2024<\/a>, encaminhou para a reportagem da RDX o laudo pericial emitido pela Pol\u00edcia Rodovi\u00e1ria Federal do local de acidente. Segundo o laudo,\u00a0o condutor da carreta invadiu a faixa contr\u00e1ria, onde estava La\u00e9rcio com o ve\u00edculo P\u00e1lio.\u00a0O laudo tamb\u00e9m apresenta que o fator agravante do acidente foi a pista escorregadia por conta da chuva.<\/p>\n\n\n\n<figure class=\"wp-block-image size-large\"><img decoding=\"async\" src=\"https:\/\/radiostudiow.com.br\/site\/wp-content\/uploads\/2024\/02\/image-37-1024x390.png\" alt=\"\" class=\"wp-image-20080\"\/><\/figure>\n\n\n\n<p>De primeiro momento, o condutor da carreta informou que o respons\u00e1vel pelo acidente foi L\u00e1ercio. Ainda de acordo com o laudo<strong>&nbsp;\u201cn\u00e3o havia no local nenhum vest\u00edgio que pudesse corroborar com o relato do condutor da carreta, nem qualquer testemunha. O que se p\u00f4de constatar unicamente \u00e9 que a colis\u00e3o ocorreu na faixa de rolamento do ve\u00edculo P\u00e1lio, ou seja, que o caminh\u00e3o invadiu a contram\u00e3o de dire\u00e7\u00e3o.\u201d<\/strong><\/p>\n\n\n\n<p>Segundo Leidiele, irm\u00e3 de La\u00e9rcio, eles tinham certeza que o jovem n\u00e3o era culpado pelo acidente.<em> \u201cFoi muito triste, porque era uma \u2018certeza\u2019 que j\u00e1 t\u00ednhamos, por conta das marcas no asfalto. Mas, o que d\u00f3i mesmo \u00e9 que em nenhum momento o motorista da carreta contou a verdade. Estamos esperando o \u00faltimo laudo sair, e assim que o fizer, vamos atr\u00e1s das provid\u00eancias para que pelo menos todos saibam, que o Lalo (apelido do La\u00e9rcio) n\u00e3o teve culpa como foi noticiado\u201d, destaca.<\/em><\/p>\n\n\n\n<p>A irm\u00e3 de La\u00e9rcio informou que em nenhum momento o condutor da carreta procurou a fam\u00edlia. Fica o espa\u00e7o aberto para esclarecimentos do envolvido.<\/p>\n\n\n\n<figure class=\"wp-block-image size-full\"><img loading=\"lazy\" decoding=\"async\" width=\"598\" height=\"204\" src=\"https:\/\/radiostudiow.com.br\/site\/wp-content\/uploads\/2024\/01\/SITE-MEDIO.png\" alt=\"\" class=\"wp-image-18916\" srcset=\"https:\/\/radiostudiow.com.br\/site\/wp-content\/uploads\/2024\/01\/SITE-MEDIO.png 598w, https:\/\/radiostudiow.com.br\/site\/wp-content\/uploads\/2024\/01\/SITE-MEDIO-300x102.png 300w\" sizes=\"auto, (max-width: 598px) 100vw, 598px\" \/><\/figure>\n\n\n\n<figure class=\"wp-block-image size-full\"><img loading=\"lazy\" decoding=\"async\" width=\"1024\" height=\"768\" src=\"https:\/\/radiostudiow.com.br\/site\/wp-content\/uploads\/2024\/03\/image-36.png\" alt=\"\" class=\"wp-image-20704\" srcset=\"https:\/\/radiostudiow.com.br\/site\/wp-content\/uploads\/2024\/03\/image-36.png 1024w, https:\/\/radiostudiow.com.br\/site\/wp-content\/uploads\/2024\/03\/image-36-300x225.png 300w, https:\/\/radiostudiow.com.br\/site\/wp-content\/uploads\/2024\/03\/image-36-768x576.png 768w\" sizes=\"auto, (max-width: 1024px) 100vw, 1024px\" \/><\/figure>\n","protected":false},"excerpt":{"rendered":"<p>A fam\u00edlia do jovem\u00a0La\u00e9rcio Max Wolff, 24 anos,\u00a0que faleceu em um grav\u00edssimo acidente de tr\u00e2nsito no dia 27 de janeiro de 2024, encaminhou para a reportagem da RDX o laudo pericial emitido pela Pol\u00edcia Rodovi\u00e1ria Federal do local de acidente. Segundo o laudo,\u00a0o condutor da carreta invadiu a faixa contr\u00e1ria, onde estava La\u00e9rcio com o [&hellip;]<\/p>\n","protected":false},"author":2,"featured_media":20703,"comment_status":"open","ping_status":"open","sticky":false,"template":"","format":"standard","meta":{"footnotes":""},"categories":[2],"tags":[172],"class_list":["post-20702","post","type-post","status-publish","format-standard","has-post-thumbnail","hentry","category-policial","tag-featured"],"amp_enabled":true,"_links":{"self":[{"href":"https:\/\/radiostudiow.com.br\/site\/wp-json\/wp\/v2\/posts\/20702","targetHints":{"allow":["GET"]}}],"collection":[{"href":"https:\/\/radiostudiow.com.br\/site\/wp-json\/wp\/v2\/posts"}],"about":[{"href":"https:\/\/radiostudiow.com.br\/site\/wp-json\/wp\/v2\/types\/post"}],"author":[{"embeddable":true,"href":"https:\/\/radiostudiow.com.br\/site\/wp-json\/wp\/v2\/users\/2"}],"replies":[{"embeddable":true,"href":"https:\/\/radiostudiow.com.br\/site\/wp-json\/wp\/v2\/comments?post=20702"}],"version-history":[{"count":2,"href":"https:\/\/radiostudiow.com.br\/site\/wp-json\/wp\/v2\/posts\/20702\/revisions"}],"predecessor-version":[{"id":20715,"href":"https:\/\/radiostudiow.com.br\/site\/wp-json\/wp\/v2\/posts\/20702\/revisions\/20715"}],"wp:featuredmedia":[{"embeddable":true,"href":"https:\/\/radiostudiow.com.br\/site\/wp-json\/wp\/v2\/media\/20703"}],"wp:attachment":[{"href":"https:\/\/radiostudiow.com.br\/site\/wp-json\/wp\/v2\/media?parent=20702"}],"wp:term":[{"taxonomy":"category","embeddable":true,"href":"https:\/\/radiostudiow.com.br\/site\/wp-json\/wp\/v2\/categories?post=20702"},{"taxonomy":"post_tag","embeddable":true,"href":"https:\/\/radiostudiow.com.br\/site\/wp-json\/wp\/v2\/tags?post=20702"}],"curies":[{"name":"wp","href":"https:\/\/api.w.org\/{rel}","templated":true}]}}