{"id":20708,"date":"2024-03-19T10:06:08","date_gmt":"2024-03-19T13:06:08","guid":{"rendered":"https:\/\/radiostudiow.com.br\/site\/?p=20708"},"modified":"2025-01-31T15:02:06","modified_gmt":"2025-01-31T18:02:06","slug":"jovem-de-24-anos-morre-apos-ser-baleado-acidentalmente","status":"publish","type":"post","link":"https:\/\/radiostudiow.com.br\/site\/2024\/03\/19\/jovem-de-24-anos-morre-apos-ser-baleado-acidentalmente\/","title":{"rendered":"Jovem de 24 anos morre ap\u00f3s ser baleado acidentalmente"},"content":{"rendered":"\n<p>Marcos Renan Dias, 24 anos, perdeu a vida ap\u00f3s ser atingido por um disparo acidental. A trag\u00e9dia que abalou a comunidade de Uni\u00e3o da Vit\u00f3ria ocorreu na madrugada de domingo (17).<\/p>\n\n\n\n<figure class=\"wp-block-image size-full\"><img decoding=\"async\" src=\"https:\/\/radiostudiow.com.br\/site\/wp-content\/uploads\/2024\/01\/SITE-GRANDE.png\" alt=\"\" class=\"wp-image-18949\"\/><\/figure>\n\n\n\n<p>O jovem foi at\u00e9 uma resid\u00eancia no bairro Ponte Nova na companhia de dois amigos. Em circunst\u00e2ncias ainda a serem esclarecidas, um dos amigos teve acesso \u00e0 arma de fogo pertencente ao seu pai, iniciando manuseio da mesma de forma imprudente, o que culminou em um disparo acidental.<\/p>\n\n\n\n<p>O proj\u00e9til atingiu Marcos Renan na regi\u00e3o da clav\u00edcula, causando-lhe ferimentos graves. O Servi\u00e7o de Atendimento M\u00f3vel de Urg\u00eancia (SAMU) foi acionado imediatamente, e o jovem foi encaminhado em estado cr\u00edtico para o hospital Regional.<\/p>\n\n\n\n<figure class=\"wp-block-image size-large\"><img decoding=\"async\" src=\"https:\/\/radiostudiow.com.br\/site\/wp-content\/uploads\/2024\/02\/capa-1024x387.jpg\" alt=\"\" class=\"wp-image-19551\"\/><\/figure>\n\n\n\n<p>Infelizmente, apesar dos esfor\u00e7os da equipe m\u00e9dica, Marcos Renan n\u00e3o resistiu aos ferimentos e veio a \u00f3bito no in\u00edcio da tarde.<\/p>\n\n\n\n<p>O corpo do jovem foi encaminhado ao Instituto M\u00e9dico Legal (IML) para os procedimentos cab\u00edveis.<\/p>\n","protected":false},"excerpt":{"rendered":"<p>Marcos Renan Dias, 24 anos, perdeu a vida ap\u00f3s ser atingido por um disparo acidental. A trag\u00e9dia que abalou a comunidade de Uni\u00e3o da Vit\u00f3ria ocorreu na madrugada de domingo (17). O jovem foi at\u00e9 uma resid\u00eancia no bairro Ponte Nova na companhia de dois amigos. Em circunst\u00e2ncias ainda a serem esclarecidas, um dos amigos [&hellip;]<\/p>\n","protected":false},"author":2,"featured_media":20709,"comment_status":"open","ping_status":"open","sticky":false,"template":"","format":"standard","meta":{"footnotes":""},"categories":[2],"tags":[172],"class_list":["post-20708","post","type-post","status-publish","format-standard","has-post-thumbnail","hentry","category-policial","tag-featured"],"amp_enabled":true,"_links":{"self":[{"href":"https:\/\/radiostudiow.com.br\/site\/wp-json\/wp\/v2\/posts\/20708","targetHints":{"allow":["GET"]}}],"collection":[{"href":"https:\/\/radiostudiow.com.br\/site\/wp-json\/wp\/v2\/posts"}],"about":[{"href":"https:\/\/radiostudiow.com.br\/site\/wp-json\/wp\/v2\/types\/post"}],"author":[{"embeddable":true,"href":"https:\/\/radiostudiow.com.br\/site\/wp-json\/wp\/v2\/users\/2"}],"replies":[{"embeddable":true,"href":"https:\/\/radiostudiow.com.br\/site\/wp-json\/wp\/v2\/comments?post=20708"}],"version-history":[{"count":3,"href":"https:\/\/radiostudiow.com.br\/site\/wp-json\/wp\/v2\/posts\/20708\/revisions"}],"predecessor-version":[{"id":20757,"href":"https:\/\/radiostudiow.com.br\/site\/wp-json\/wp\/v2\/posts\/20708\/revisions\/20757"}],"wp:featuredmedia":[{"embeddable":true,"href":"https:\/\/radiostudiow.com.br\/site\/wp-json\/wp\/v2\/media\/20709"}],"wp:attachment":[{"href":"https:\/\/radiostudiow.com.br\/site\/wp-json\/wp\/v2\/media?parent=20708"}],"wp:term":[{"taxonomy":"category","embeddable":true,"href":"https:\/\/radiostudiow.com.br\/site\/wp-json\/wp\/v2\/categories?post=20708"},{"taxonomy":"post_tag","embeddable":true,"href":"https:\/\/radiostudiow.com.br\/site\/wp-json\/wp\/v2\/tags?post=20708"}],"curies":[{"name":"wp","href":"https:\/\/api.w.org\/{rel}","templated":true}]}}