{"id":20720,"date":"2024-03-18T17:08:43","date_gmt":"2024-03-18T20:08:43","guid":{"rendered":"https:\/\/radiostudiow.com.br\/site\/?p=20720"},"modified":"2025-01-31T15:02:06","modified_gmt":"2025-01-31T18:02:06","slug":"prf-atende-grave-acidente-envolvendo-dois-caminhoes-e-um-veiculo-na-br-277-em-irati","status":"publish","type":"post","link":"https:\/\/radiostudiow.com.br\/site\/2024\/03\/18\/prf-atende-grave-acidente-envolvendo-dois-caminhoes-e-um-veiculo-na-br-277-em-irati\/","title":{"rendered":"PRF atende grave acidente envolvendo dois caminh\u00f5es e um ve\u00edculo, na BR 277, em Irati"},"content":{"rendered":"\n<p>A equipe da Pol\u00edcia Rodovi\u00e1ria Federal (PRF) atendeu um acidente do tipo colis\u00e3o lateral de mesmo sentido, seguido de colis\u00e3o transversal e posteriormente colis\u00e3o traseira.<\/p>\n\n\n\n<figure class=\"wp-block-image size-large\"><img decoding=\"async\" src=\"https:\/\/radiostudiow.com.br\/site\/wp-content\/uploads\/2024\/02\/capa-1024x387.jpg\" alt=\"\" class=\"wp-image-19551\"\/><\/figure>\n\n\n\n<p>O acidente envolveu tr\u00eas ve\u00edculos e quatro pessoas, resultando em duas v\u00edtimas lesionadas por volta de 17:50 horas a tarde de domingo (17).<\/p>\n\n\n\n<p>Os ve\u00edculos envolvidos foram um caminh\u00e3o Scania de cor branca, emplacado de Palmital\/PR, tracionando um semirreboque, com emplacamento de Cand\u00f3i\/PR, o outro caminh\u00e3o envolvido era um IVECO de cor verde, com emplacamento de Itajai\/SC e o ve\u00edculo Prisma de cor branca com emplacamento de Almirante Tamandar\u00e9\/PR.<\/p>\n\n\n\n<figure class=\"wp-block-image size-full\"><img decoding=\"async\" src=\"https:\/\/radiostudiow.com.br\/site\/wp-content\/uploads\/2024\/03\/SITE-MEDIO5.png\" alt=\"\" class=\"wp-image-20406\"\/><\/figure>\n\n\n\n<p>O condutor e passageira do Prisma sofreram les\u00f5es leves e os condutores dos caminh\u00f5es permaneceram ilesos.<\/p>\n\n\n\n<p>Os condutores dos caminh\u00f5es foram submetido ao teste etilom\u00e9trico pelos policias e o resultado para ambos foi de 0,0 mg\/L. J\u00e1 o condutor do Prisma se recusou a realizar o teste.<\/p>\n","protected":false},"excerpt":{"rendered":"<p>A equipe da Pol\u00edcia Rodovi\u00e1ria Federal (PRF) atendeu um acidente do tipo colis\u00e3o lateral de mesmo sentido, seguido de colis\u00e3o transversal e posteriormente colis\u00e3o traseira. O acidente envolveu tr\u00eas ve\u00edculos e quatro pessoas, resultando em duas v\u00edtimas lesionadas por volta de 17:50 horas a tarde de domingo (17). Os ve\u00edculos envolvidos foram um caminh\u00e3o Scania [&hellip;]<\/p>\n","protected":false},"author":2,"featured_media":20721,"comment_status":"open","ping_status":"open","sticky":false,"template":"","format":"standard","meta":{"footnotes":""},"categories":[2],"tags":[172],"class_list":["post-20720","post","type-post","status-publish","format-standard","has-post-thumbnail","hentry","category-policial","tag-featured"],"amp_enabled":true,"_links":{"self":[{"href":"https:\/\/radiostudiow.com.br\/site\/wp-json\/wp\/v2\/posts\/20720","targetHints":{"allow":["GET"]}}],"collection":[{"href":"https:\/\/radiostudiow.com.br\/site\/wp-json\/wp\/v2\/posts"}],"about":[{"href":"https:\/\/radiostudiow.com.br\/site\/wp-json\/wp\/v2\/types\/post"}],"author":[{"embeddable":true,"href":"https:\/\/radiostudiow.com.br\/site\/wp-json\/wp\/v2\/users\/2"}],"replies":[{"embeddable":true,"href":"https:\/\/radiostudiow.com.br\/site\/wp-json\/wp\/v2\/comments?post=20720"}],"version-history":[{"count":1,"href":"https:\/\/radiostudiow.com.br\/site\/wp-json\/wp\/v2\/posts\/20720\/revisions"}],"predecessor-version":[{"id":20722,"href":"https:\/\/radiostudiow.com.br\/site\/wp-json\/wp\/v2\/posts\/20720\/revisions\/20722"}],"wp:featuredmedia":[{"embeddable":true,"href":"https:\/\/radiostudiow.com.br\/site\/wp-json\/wp\/v2\/media\/20721"}],"wp:attachment":[{"href":"https:\/\/radiostudiow.com.br\/site\/wp-json\/wp\/v2\/media?parent=20720"}],"wp:term":[{"taxonomy":"category","embeddable":true,"href":"https:\/\/radiostudiow.com.br\/site\/wp-json\/wp\/v2\/categories?post=20720"},{"taxonomy":"post_tag","embeddable":true,"href":"https:\/\/radiostudiow.com.br\/site\/wp-json\/wp\/v2\/tags?post=20720"}],"curies":[{"name":"wp","href":"https:\/\/api.w.org\/{rel}","templated":true}]}}