{"id":20726,"date":"2024-03-19T09:47:45","date_gmt":"2024-03-19T12:47:45","guid":{"rendered":"https:\/\/radiostudiow.com.br\/site\/?p=20726"},"modified":"2025-01-31T15:02:06","modified_gmt":"2025-01-31T18:02:06","slug":"homem-troca-moto-por-drogas-e-acaba-preso-apos-ser-flagrado-traficando-em-uniao-da-vitoria","status":"publish","type":"post","link":"https:\/\/radiostudiow.com.br\/site\/2024\/03\/19\/homem-troca-moto-por-drogas-e-acaba-preso-apos-ser-flagrado-traficando-em-uniao-da-vitoria\/","title":{"rendered":"Homem troca moto por drogas e acaba preso ap\u00f3s ser flagrado traficando em Uni\u00e3o da Vit\u00f3ria"},"content":{"rendered":"\n<p>Um homem que n\u00e3o teve o nome divulgado, foi preso ap\u00f3s ter sido flagrado traficando drogas no bairro Panorama no Distrito de S\u00e3o Crist\u00f3v\u00e3o por volta das 20:40 horas desse domingo (17).<\/p>\n\n\n\n<figure class=\"wp-block-image size-large\"><img decoding=\"async\" src=\"https:\/\/radiostudiow.com.br\/site\/wp-content\/uploads\/2024\/02\/image-37-1024x390.png\" alt=\"\" class=\"wp-image-20080\"\/><\/figure>\n\n\n\n<p>De acordo com o relat\u00f3rio policial, a equipe realizava patrulhamento pelo bairro quando avistou o homem em atitude suspeita, sendo procedida com a abordagem. Com o homem, foi encontrado diversas fra\u00e7\u00f5es de coca\u00edna e dois tabletes de maconha.<\/p>\n\n\n\n<p>Ao ser questionado na abordagem sobre os entorpecentes, ele relatou que havia trocado sua moto pela droga, para que pudesse fazer a comercializa\u00e7\u00e3o. Ele foi preso e conduzido at\u00e9 a delegacia.<\/p>\n\n\n\n<figure class=\"wp-block-image size-large\"><img decoding=\"async\" src=\"https:\/\/radiostudiow.com.br\/site\/wp-content\/uploads\/2024\/02\/capa-1024x387.jpg\" alt=\"\" class=\"wp-image-19551\"\/><\/figure>\n","protected":false},"excerpt":{"rendered":"<p>Um homem que n\u00e3o teve o nome divulgado, foi preso ap\u00f3s ter sido flagrado traficando drogas no bairro Panorama no Distrito de S\u00e3o Crist\u00f3v\u00e3o por volta das 20:40 horas desse domingo (17). De acordo com o relat\u00f3rio policial, a equipe realizava patrulhamento pelo bairro quando avistou o homem em atitude suspeita, sendo procedida com a [&hellip;]<\/p>\n","protected":false},"author":2,"featured_media":20754,"comment_status":"open","ping_status":"open","sticky":false,"template":"","format":"standard","meta":{"footnotes":""},"categories":[2],"tags":[172],"class_list":["post-20726","post","type-post","status-publish","format-standard","has-post-thumbnail","hentry","category-policial","tag-featured"],"amp_enabled":true,"_links":{"self":[{"href":"https:\/\/radiostudiow.com.br\/site\/wp-json\/wp\/v2\/posts\/20726","targetHints":{"allow":["GET"]}}],"collection":[{"href":"https:\/\/radiostudiow.com.br\/site\/wp-json\/wp\/v2\/posts"}],"about":[{"href":"https:\/\/radiostudiow.com.br\/site\/wp-json\/wp\/v2\/types\/post"}],"author":[{"embeddable":true,"href":"https:\/\/radiostudiow.com.br\/site\/wp-json\/wp\/v2\/users\/2"}],"replies":[{"embeddable":true,"href":"https:\/\/radiostudiow.com.br\/site\/wp-json\/wp\/v2\/comments?post=20726"}],"version-history":[{"count":3,"href":"https:\/\/radiostudiow.com.br\/site\/wp-json\/wp\/v2\/posts\/20726\/revisions"}],"predecessor-version":[{"id":20755,"href":"https:\/\/radiostudiow.com.br\/site\/wp-json\/wp\/v2\/posts\/20726\/revisions\/20755"}],"wp:featuredmedia":[{"embeddable":true,"href":"https:\/\/radiostudiow.com.br\/site\/wp-json\/wp\/v2\/media\/20754"}],"wp:attachment":[{"href":"https:\/\/radiostudiow.com.br\/site\/wp-json\/wp\/v2\/media?parent=20726"}],"wp:term":[{"taxonomy":"category","embeddable":true,"href":"https:\/\/radiostudiow.com.br\/site\/wp-json\/wp\/v2\/categories?post=20726"},{"taxonomy":"post_tag","embeddable":true,"href":"https:\/\/radiostudiow.com.br\/site\/wp-json\/wp\/v2\/tags?post=20726"}],"curies":[{"name":"wp","href":"https:\/\/api.w.org\/{rel}","templated":true}]}}