{"id":20731,"date":"2024-03-18T18:37:55","date_gmt":"2024-03-18T21:37:55","guid":{"rendered":"https:\/\/radiostudiow.com.br\/site\/?p=20731"},"modified":"2025-01-31T15:02:06","modified_gmt":"2025-01-31T18:02:06","slug":"dois-homens-sao-presos-com-espingarda-no-centro-de-general-carneiro","status":"publish","type":"post","link":"https:\/\/radiostudiow.com.br\/site\/2024\/03\/18\/dois-homens-sao-presos-com-espingarda-no-centro-de-general-carneiro\/","title":{"rendered":"Dois homens s\u00e3o presos com espingarda no centro de General Carneiro"},"content":{"rendered":"\n<p>Dois homens foram presos por porte ilegal de arma de fogo durante uma a\u00e7\u00e3o policial realizada por volta das 20:30 horas desse domingo, 17 de mar\u00e7o, na \u00e1rea central de General Carneiro.<\/p>\n\n\n\n<figure class=\"wp-block-image size-full\"><img decoding=\"async\" src=\"https:\/\/radiostudiow.com.br\/site\/wp-content\/uploads\/2024\/01\/SITE-GRANDE2.png\" alt=\"\" class=\"wp-image-18938\"\/><\/figure>\n\n\n\n<p>A equipe policial realizava patrulhamento quando avistou um ve\u00edculo VW\/Gol na cor vermelha, o qual foi abordado.<\/p>\n\n\n\n<p>Durante busca pessoal, foi encontrado com um dos ocupantes duas muni\u00e7\u00f5es intactas CBC calibre 36. J\u00e1 na busca realizada no carro, foi encontrado uma espingarda com uma muni\u00e7\u00e3o pronta para uso.<\/p>\n\n\n\n<p>Os dois homens que estavam no carro foram identificados, sendo constatado que um deles fazia uso de tornozeleira eletr\u00f4nica. Eles receberam voz de pris\u00e3o e foram conduzidos at\u00e9 a delegacia de Uni\u00e3o da Vit\u00f3ria para provid\u00eancias.<\/p>\n","protected":false},"excerpt":{"rendered":"<p>Dois homens foram presos por porte ilegal de arma de fogo durante uma a\u00e7\u00e3o policial realizada por volta das 20:30 horas desse domingo, 17 de mar\u00e7o, na \u00e1rea central de General Carneiro. A equipe policial realizava patrulhamento quando avistou um ve\u00edculo VW\/Gol na cor vermelha, o qual foi abordado. Durante busca pessoal, foi encontrado com [&hellip;]<\/p>\n","protected":false},"author":2,"featured_media":20732,"comment_status":"open","ping_status":"open","sticky":false,"template":"","format":"standard","meta":{"footnotes":""},"categories":[2],"tags":[172],"class_list":["post-20731","post","type-post","status-publish","format-standard","has-post-thumbnail","hentry","category-policial","tag-featured"],"amp_enabled":true,"_links":{"self":[{"href":"https:\/\/radiostudiow.com.br\/site\/wp-json\/wp\/v2\/posts\/20731","targetHints":{"allow":["GET"]}}],"collection":[{"href":"https:\/\/radiostudiow.com.br\/site\/wp-json\/wp\/v2\/posts"}],"about":[{"href":"https:\/\/radiostudiow.com.br\/site\/wp-json\/wp\/v2\/types\/post"}],"author":[{"embeddable":true,"href":"https:\/\/radiostudiow.com.br\/site\/wp-json\/wp\/v2\/users\/2"}],"replies":[{"embeddable":true,"href":"https:\/\/radiostudiow.com.br\/site\/wp-json\/wp\/v2\/comments?post=20731"}],"version-history":[{"count":2,"href":"https:\/\/radiostudiow.com.br\/site\/wp-json\/wp\/v2\/posts\/20731\/revisions"}],"predecessor-version":[{"id":20734,"href":"https:\/\/radiostudiow.com.br\/site\/wp-json\/wp\/v2\/posts\/20731\/revisions\/20734"}],"wp:featuredmedia":[{"embeddable":true,"href":"https:\/\/radiostudiow.com.br\/site\/wp-json\/wp\/v2\/media\/20732"}],"wp:attachment":[{"href":"https:\/\/radiostudiow.com.br\/site\/wp-json\/wp\/v2\/media?parent=20731"}],"wp:term":[{"taxonomy":"category","embeddable":true,"href":"https:\/\/radiostudiow.com.br\/site\/wp-json\/wp\/v2\/categories?post=20731"},{"taxonomy":"post_tag","embeddable":true,"href":"https:\/\/radiostudiow.com.br\/site\/wp-json\/wp\/v2\/tags?post=20731"}],"curies":[{"name":"wp","href":"https:\/\/api.w.org\/{rel}","templated":true}]}}