{"id":20735,"date":"2024-03-18T19:09:36","date_gmt":"2024-03-18T22:09:36","guid":{"rendered":"https:\/\/radiostudiow.com.br\/site\/?p=20735"},"modified":"2025-01-31T15:02:06","modified_gmt":"2025-01-31T18:02:06","slug":"corpo-de-jovem-desaparecido-e-encontrado-na-vila-boaski","status":"publish","type":"post","link":"https:\/\/radiostudiow.com.br\/site\/2024\/03\/18\/corpo-de-jovem-desaparecido-e-encontrado-na-vila-boaski\/","title":{"rendered":"Corpo de jovem que estava desaparecido \u00e9 encontrado em S\u00e3o Mateus do Sul"},"content":{"rendered":"\n<p>O corpo do jovem Tales Ferreria de Paula, de 19 anos, que estava desaparecido desde s\u00e1bado (16), foi encontrado em um terreno na Vila Boaski.<\/p>\n\n\n\n<p>Segundo apurado pela reportagem da RDX do local, existe ind\u00edcios de que a morte foi violenta. O acionamento aconteceu para a Pol\u00edcia Civil em uma den\u00fancia an\u00f4nima.<\/p>\n\n\n\n<p>Bombeiros foram acionados assim como a Criminal\u00edstica e Instituto M\u00e9dico Legal (IML), de Uni\u00e3o da Vit\u00f3ria.<\/p>\n\n\n\n<figure class=\"wp-block-image size-full\"><img loading=\"lazy\" decoding=\"async\" width=\"897\" height=\"204\" src=\"https:\/\/radiostudiow.com.br\/site\/wp-content\/uploads\/2024\/01\/SITE-GRANDE3.png\" alt=\"zaions\" class=\"wp-image-18936\" srcset=\"https:\/\/radiostudiow.com.br\/site\/wp-content\/uploads\/2024\/01\/SITE-GRANDE3.png 897w, https:\/\/radiostudiow.com.br\/site\/wp-content\/uploads\/2024\/01\/SITE-GRANDE3-300x68.png 300w, https:\/\/radiostudiow.com.br\/site\/wp-content\/uploads\/2024\/01\/SITE-GRANDE3-768x175.png 768w\" sizes=\"auto, (max-width: 897px) 100vw, 897px\" \/><\/figure>\n\n\n\n<figure class=\"wp-block-image size-full\"><img loading=\"lazy\" decoding=\"async\" width=\"1024\" height=\"538\" src=\"https:\/\/radiostudiow.com.br\/site\/wp-content\/uploads\/2024\/03\/image-41.png\" alt=\"\" class=\"wp-image-20737\" srcset=\"https:\/\/radiostudiow.com.br\/site\/wp-content\/uploads\/2024\/03\/image-41.png 1024w, https:\/\/radiostudiow.com.br\/site\/wp-content\/uploads\/2024\/03\/image-41-300x158.png 300w, https:\/\/radiostudiow.com.br\/site\/wp-content\/uploads\/2024\/03\/image-41-768x404.png 768w\" sizes=\"auto, (max-width: 1024px) 100vw, 1024px\" \/><\/figure>\n","protected":false},"excerpt":{"rendered":"<p>O corpo do jovem Tales Ferreria de Paula, de 19 anos, que estava desaparecido desde s\u00e1bado (16), foi encontrado em um terreno na Vila Boaski. Segundo apurado pela reportagem da RDX do local, existe ind\u00edcios de que a morte foi violenta. O acionamento aconteceu para a Pol\u00edcia Civil em uma den\u00fancia an\u00f4nima. Bombeiros foram acionados [&hellip;]<\/p>\n","protected":false},"author":2,"featured_media":20736,"comment_status":"open","ping_status":"open","sticky":false,"template":"","format":"standard","meta":{"footnotes":""},"categories":[2],"tags":[172],"class_list":["post-20735","post","type-post","status-publish","format-standard","has-post-thumbnail","hentry","category-policial","tag-featured"],"amp_enabled":true,"_links":{"self":[{"href":"https:\/\/radiostudiow.com.br\/site\/wp-json\/wp\/v2\/posts\/20735","targetHints":{"allow":["GET"]}}],"collection":[{"href":"https:\/\/radiostudiow.com.br\/site\/wp-json\/wp\/v2\/posts"}],"about":[{"href":"https:\/\/radiostudiow.com.br\/site\/wp-json\/wp\/v2\/types\/post"}],"author":[{"embeddable":true,"href":"https:\/\/radiostudiow.com.br\/site\/wp-json\/wp\/v2\/users\/2"}],"replies":[{"embeddable":true,"href":"https:\/\/radiostudiow.com.br\/site\/wp-json\/wp\/v2\/comments?post=20735"}],"version-history":[{"count":2,"href":"https:\/\/radiostudiow.com.br\/site\/wp-json\/wp\/v2\/posts\/20735\/revisions"}],"predecessor-version":[{"id":20739,"href":"https:\/\/radiostudiow.com.br\/site\/wp-json\/wp\/v2\/posts\/20735\/revisions\/20739"}],"wp:featuredmedia":[{"embeddable":true,"href":"https:\/\/radiostudiow.com.br\/site\/wp-json\/wp\/v2\/media\/20736"}],"wp:attachment":[{"href":"https:\/\/radiostudiow.com.br\/site\/wp-json\/wp\/v2\/media?parent=20735"}],"wp:term":[{"taxonomy":"category","embeddable":true,"href":"https:\/\/radiostudiow.com.br\/site\/wp-json\/wp\/v2\/categories?post=20735"},{"taxonomy":"post_tag","embeddable":true,"href":"https:\/\/radiostudiow.com.br\/site\/wp-json\/wp\/v2\/tags?post=20735"}],"curies":[{"name":"wp","href":"https:\/\/api.w.org\/{rel}","templated":true}]}}