{"id":20759,"date":"2024-03-20T10:51:37","date_gmt":"2024-03-20T13:51:37","guid":{"rendered":"https:\/\/radiostudiow.com.br\/site\/?p=20759"},"modified":"2025-01-31T15:02:06","modified_gmt":"2025-01-31T18:02:06","slug":"trabalhador-sofre-fratura-na-perna-e-e-socorrido-pelo-samu-de-general-carneiro","status":"publish","type":"post","link":"https:\/\/radiostudiow.com.br\/site\/2024\/03\/20\/trabalhador-sofre-fratura-na-perna-e-e-socorrido-pelo-samu-de-general-carneiro\/","title":{"rendered":"Trabalhador sofre fratura na perna e \u00e9 socorrido pelo SAMU de General Carneiro"},"content":{"rendered":"\n<p>O SAMU da cidade de General Carneiro foi mobilizado durante o in\u00edcio da tarde desta segunda-feira, dia 18 de mar\u00e7o, por volta das 13h45, para atender a uma situa\u00e7\u00e3o de acidente de trabalho.<\/p>\n\n\n\n<figure class=\"wp-block-image size-full\"><img loading=\"lazy\" decoding=\"async\" width=\"897\" height=\"204\" src=\"https:\/\/radiostudiow.com.br\/site\/wp-content\/uploads\/2024\/01\/SITE-GRANDE3.png\" alt=\"zaions\" class=\"wp-image-18936\" srcset=\"https:\/\/radiostudiow.com.br\/site\/wp-content\/uploads\/2024\/01\/SITE-GRANDE3.png 897w, https:\/\/radiostudiow.com.br\/site\/wp-content\/uploads\/2024\/01\/SITE-GRANDE3-300x68.png 300w, https:\/\/radiostudiow.com.br\/site\/wp-content\/uploads\/2024\/01\/SITE-GRANDE3-768x175.png 768w\" sizes=\"auto, (max-width: 897px) 100vw, 897px\" \/><\/figure>\n\n\n\n<p>De acordo com informa\u00e7\u00f5es, a situa\u00e7\u00e3o aconteceu na rodovia PR-280, na divisa de General Careiro e Palmas, onde um trabalhador acabou se acidentando enquanto manuseava um cabe\u00e7ote e acabou sendo atingido por uma madeira.<\/p>\n\n\n\n<p>O trabalhador de 44 anos de idade, foi identificado pelas iniciais \u201cS. D. C.\u201d. Ele sofreu uma fratura na perna e foi socorrido, sendo encaminhado para o hospital Regional de Uni\u00e3o da Vit\u00f3ria.<\/p>\n","protected":false},"excerpt":{"rendered":"<p>O SAMU da cidade de General Carneiro foi mobilizado durante o in\u00edcio da tarde desta segunda-feira, dia 18 de mar\u00e7o, por volta das 13h45, para atender a uma situa\u00e7\u00e3o de acidente de trabalho. De acordo com informa\u00e7\u00f5es, a situa\u00e7\u00e3o aconteceu na rodovia PR-280, na divisa de General Careiro e Palmas, onde um trabalhador acabou se [&hellip;]<\/p>\n","protected":false},"author":2,"featured_media":20799,"comment_status":"open","ping_status":"open","sticky":false,"template":"","format":"standard","meta":{"footnotes":""},"categories":[185],"tags":[172],"class_list":["post-20759","post","type-post","status-publish","format-standard","has-post-thumbnail","hentry","category-regional","tag-featured"],"amp_enabled":true,"_links":{"self":[{"href":"https:\/\/radiostudiow.com.br\/site\/wp-json\/wp\/v2\/posts\/20759","targetHints":{"allow":["GET"]}}],"collection":[{"href":"https:\/\/radiostudiow.com.br\/site\/wp-json\/wp\/v2\/posts"}],"about":[{"href":"https:\/\/radiostudiow.com.br\/site\/wp-json\/wp\/v2\/types\/post"}],"author":[{"embeddable":true,"href":"https:\/\/radiostudiow.com.br\/site\/wp-json\/wp\/v2\/users\/2"}],"replies":[{"embeddable":true,"href":"https:\/\/radiostudiow.com.br\/site\/wp-json\/wp\/v2\/comments?post=20759"}],"version-history":[{"count":3,"href":"https:\/\/radiostudiow.com.br\/site\/wp-json\/wp\/v2\/posts\/20759\/revisions"}],"predecessor-version":[{"id":20767,"href":"https:\/\/radiostudiow.com.br\/site\/wp-json\/wp\/v2\/posts\/20759\/revisions\/20767"}],"wp:featuredmedia":[{"embeddable":true,"href":"https:\/\/radiostudiow.com.br\/site\/wp-json\/wp\/v2\/media\/20799"}],"wp:attachment":[{"href":"https:\/\/radiostudiow.com.br\/site\/wp-json\/wp\/v2\/media?parent=20759"}],"wp:term":[{"taxonomy":"category","embeddable":true,"href":"https:\/\/radiostudiow.com.br\/site\/wp-json\/wp\/v2\/categories?post=20759"},{"taxonomy":"post_tag","embeddable":true,"href":"https:\/\/radiostudiow.com.br\/site\/wp-json\/wp\/v2\/tags?post=20759"}],"curies":[{"name":"wp","href":"https:\/\/api.w.org\/{rel}","templated":true}]}}