{"id":20762,"date":"2024-03-20T10:11:54","date_gmt":"2024-03-20T13:11:54","guid":{"rendered":"https:\/\/radiostudiow.com.br\/site\/?p=20762"},"modified":"2025-01-31T15:02:06","modified_gmt":"2025-01-31T18:02:06","slug":"pm-de-paulo-frontin-apreende-espingarda-com-municoes","status":"publish","type":"post","link":"https:\/\/radiostudiow.com.br\/site\/2024\/03\/20\/pm-de-paulo-frontin-apreende-espingarda-com-municoes\/","title":{"rendered":"PM de Paulo Frontin apreende espingarda com muni\u00e7\u00f5es"},"content":{"rendered":"\n<p>A equipe da Pol\u00edcia Militar de Paulo Frontin foi acionada pela equipe m\u00e9dica para se deslocar at\u00e9 o hospital municipal ap\u00f3s um homem que estava sendo acompanhado para internamento, passou a informar que tinha uma arma de fogo.<\/p>\n\n\n\n<figure class=\"wp-block-image size-full\"><img decoding=\"async\" src=\"https:\/\/radiostudiow.com.br\/site\/wp-content\/uploads\/2024\/01\/SITE-GRANDE.png\" alt=\"\" class=\"wp-image-18949\"\/><\/figure>\n\n\n\n<p>Os policiais se deslocaram at\u00e9 o local por volta das 15 horas dessa segunda-feira (18), e entraram em contato com a esposa do paciente, a qual confirmou os relatos.<\/p>\n\n\n\n<p>Diante das informa\u00e7\u00f5es, a mulher acompanhou a equipe policial at\u00e9 a sua resid\u00eancia na Col\u00f4nia S\u00e3o Roque,e no local foi encontrada uma espingarda artesanal do tipo pica-pau, carregada com uma muni\u00e7\u00e3o artesanal no quarto.<\/p>\n\n\n\n<figure class=\"wp-block-image size-full\"><img decoding=\"async\" src=\"https:\/\/radiostudiow.com.br\/site\/wp-content\/uploads\/2023\/08\/image-127.png\" alt=\"\" class=\"wp-image-14660\"\/><\/figure>\n\n\n\n<p>Diante dos fatos foi realizada a entraga da arma na delegacia de Mallet e o autor devido ao fato de estar com internamento, n\u00e3o pode ser conduzido.<\/p>\n","protected":false},"excerpt":{"rendered":"<p>A equipe da Pol\u00edcia Militar de Paulo Frontin foi acionada pela equipe m\u00e9dica para se deslocar at\u00e9 o hospital municipal ap\u00f3s um homem que estava sendo acompanhado para internamento, passou a informar que tinha uma arma de fogo. Os policiais se deslocaram at\u00e9 o local por volta das 15 horas dessa segunda-feira (18), e entraram [&hellip;]<\/p>\n","protected":false},"author":2,"featured_media":20240,"comment_status":"open","ping_status":"open","sticky":false,"template":"","format":"standard","meta":{"footnotes":""},"categories":[2],"tags":[172],"class_list":["post-20762","post","type-post","status-publish","format-standard","has-post-thumbnail","hentry","category-policial","tag-featured"],"amp_enabled":true,"_links":{"self":[{"href":"https:\/\/radiostudiow.com.br\/site\/wp-json\/wp\/v2\/posts\/20762","targetHints":{"allow":["GET"]}}],"collection":[{"href":"https:\/\/radiostudiow.com.br\/site\/wp-json\/wp\/v2\/posts"}],"about":[{"href":"https:\/\/radiostudiow.com.br\/site\/wp-json\/wp\/v2\/types\/post"}],"author":[{"embeddable":true,"href":"https:\/\/radiostudiow.com.br\/site\/wp-json\/wp\/v2\/users\/2"}],"replies":[{"embeddable":true,"href":"https:\/\/radiostudiow.com.br\/site\/wp-json\/wp\/v2\/comments?post=20762"}],"version-history":[{"count":4,"href":"https:\/\/radiostudiow.com.br\/site\/wp-json\/wp\/v2\/posts\/20762\/revisions"}],"predecessor-version":[{"id":20797,"href":"https:\/\/radiostudiow.com.br\/site\/wp-json\/wp\/v2\/posts\/20762\/revisions\/20797"}],"wp:featuredmedia":[{"embeddable":true,"href":"https:\/\/radiostudiow.com.br\/site\/wp-json\/wp\/v2\/media\/20240"}],"wp:attachment":[{"href":"https:\/\/radiostudiow.com.br\/site\/wp-json\/wp\/v2\/media?parent=20762"}],"wp:term":[{"taxonomy":"category","embeddable":true,"href":"https:\/\/radiostudiow.com.br\/site\/wp-json\/wp\/v2\/categories?post=20762"},{"taxonomy":"post_tag","embeddable":true,"href":"https:\/\/radiostudiow.com.br\/site\/wp-json\/wp\/v2\/tags?post=20762"}],"curies":[{"name":"wp","href":"https:\/\/api.w.org\/{rel}","templated":true}]}}