{"id":20764,"date":"2024-03-20T09:52:00","date_gmt":"2024-03-20T12:52:00","guid":{"rendered":"https:\/\/radiostudiow.com.br\/site\/?p=20764"},"modified":"2025-01-31T15:02:06","modified_gmt":"2025-01-31T18:02:06","slug":"homem-com-drogas-tenta-fugir-mas-e-contido-e-preso-pela-pm-de-uniao-da-vitoria","status":"publish","type":"post","link":"https:\/\/radiostudiow.com.br\/site\/2024\/03\/20\/homem-com-drogas-tenta-fugir-mas-e-contido-e-preso-pela-pm-de-uniao-da-vitoria\/","title":{"rendered":"Homem com drogas tenta fugir mas \u00e9 contido e preso pela PM de Uni\u00e3o da Vit\u00f3ria"},"content":{"rendered":"\n<p>A equipe da Pol\u00edcia Militar de Uni\u00e3o da Vit\u00f3ria estava em patrulhamento quando se deparou com um homem em atitude suspeita por volta das 21:25 horas dessa segunda-feira, 18 de mar\u00e7o, no bairro S\u00e3o Bernardo.<\/p>\n\n\n\n<figure class=\"wp-block-image size-full\"><img decoding=\"async\" src=\"https:\/\/radiostudiow.com.br\/site\/wp-content\/uploads\/2024\/03\/SITE-MEDIO5.png\" alt=\"\" class=\"wp-image-20406\"\/><\/figure>\n\n\n\n<p>De acordo com o relat\u00f3rio policial, o homem ao observar a viatura ele desviou o sentido em que estava se deslocando e levou as m\u00e3os a regi\u00e3o dos bolsos, como se estivesse tentando jogar algo no ch\u00e3o.<\/p>\n\n\n\n<p>A equipe deu voz de abordagem, primeiramente o suspeito n\u00e3o acatou, tentando fugir da guarni\u00e7\u00e3o. Sendo necess\u00e1rio utilizar t\u00e9cnicas de mobiliza\u00e7\u00e3o.<\/p>\n\n\n\n<p>Ap\u00f3s o autor ser contido e identificado, durante busca pessoal foi poss\u00edvel localizar em seu bolso duas por\u00e7\u00f5es de subst\u00e2ncia an\u00e1loga \u00e0 coca\u00edna em um pl\u00e1stico.<\/p>\n\n\n\n<figure class=\"wp-block-image size-full\"><img decoding=\"async\" src=\"https:\/\/radiostudiow.com.br\/site\/wp-content\/uploads\/2024\/01\/SITE-PEQUENO3.png\" alt=\"\" class=\"wp-image-18924\"\/><\/figure>\n\n\n\n<p>Diante dos fatos, foi dada voz de pris\u00e3o ao autor, posteriormente conduzido at\u00e9 o cart\u00f3rio do 27\u00b0 BPM para confec\u00e7\u00e3o do termo circunstanciado.<\/p>\n","protected":false},"excerpt":{"rendered":"<p>A equipe da Pol\u00edcia Militar de Uni\u00e3o da Vit\u00f3ria estava em patrulhamento quando se deparou com um homem em atitude suspeita por volta das 21:25 horas dessa segunda-feira, 18 de mar\u00e7o, no bairro S\u00e3o Bernardo. De acordo com o relat\u00f3rio policial, o homem ao observar a viatura ele desviou o sentido em que estava se [&hellip;]<\/p>\n","protected":false},"author":2,"featured_media":14208,"comment_status":"open","ping_status":"open","sticky":false,"template":"","format":"standard","meta":{"footnotes":""},"categories":[2],"tags":[172],"class_list":["post-20764","post","type-post","status-publish","format-standard","has-post-thumbnail","hentry","category-policial","tag-featured"],"amp_enabled":true,"_links":{"self":[{"href":"https:\/\/radiostudiow.com.br\/site\/wp-json\/wp\/v2\/posts\/20764","targetHints":{"allow":["GET"]}}],"collection":[{"href":"https:\/\/radiostudiow.com.br\/site\/wp-json\/wp\/v2\/posts"}],"about":[{"href":"https:\/\/radiostudiow.com.br\/site\/wp-json\/wp\/v2\/types\/post"}],"author":[{"embeddable":true,"href":"https:\/\/radiostudiow.com.br\/site\/wp-json\/wp\/v2\/users\/2"}],"replies":[{"embeddable":true,"href":"https:\/\/radiostudiow.com.br\/site\/wp-json\/wp\/v2\/comments?post=20764"}],"version-history":[{"count":4,"href":"https:\/\/radiostudiow.com.br\/site\/wp-json\/wp\/v2\/posts\/20764\/revisions"}],"predecessor-version":[{"id":20794,"href":"https:\/\/radiostudiow.com.br\/site\/wp-json\/wp\/v2\/posts\/20764\/revisions\/20794"}],"wp:featuredmedia":[{"embeddable":true,"href":"https:\/\/radiostudiow.com.br\/site\/wp-json\/wp\/v2\/media\/14208"}],"wp:attachment":[{"href":"https:\/\/radiostudiow.com.br\/site\/wp-json\/wp\/v2\/media?parent=20764"}],"wp:term":[{"taxonomy":"category","embeddable":true,"href":"https:\/\/radiostudiow.com.br\/site\/wp-json\/wp\/v2\/categories?post=20764"},{"taxonomy":"post_tag","embeddable":true,"href":"https:\/\/radiostudiow.com.br\/site\/wp-json\/wp\/v2\/tags?post=20764"}],"curies":[{"name":"wp","href":"https:\/\/api.w.org\/{rel}","templated":true}]}}