{"id":20787,"date":"2024-03-20T09:41:16","date_gmt":"2024-03-20T12:41:16","guid":{"rendered":"https:\/\/radiostudiow.com.br\/site\/?p=20787"},"modified":"2025-01-31T15:02:06","modified_gmt":"2025-01-31T18:02:06","slug":"outono-tera-veranicos-nevoeiros-geadas-e-diminuicao-das-chuvas-no-parana","status":"publish","type":"post","link":"https:\/\/radiostudiow.com.br\/site\/2024\/03\/20\/outono-tera-veranicos-nevoeiros-geadas-e-diminuicao-das-chuvas-no-parana\/","title":{"rendered":"Outono ter\u00e1 veranicos, nevoeiros, geadas e diminui\u00e7\u00e3o das chuvas no Paran\u00e1"},"content":{"rendered":"\n<p>O outono tem in\u00edcio \u00e0s 0h06 desta quarta-feira (20) e termina \u00e0s 17h51 de 20 de junho. Segundo a previs\u00e3o do Sistema de Tecnologia e Monitoramento Ambiental do Paran\u00e1 (Simepar), o primeiro dia da esta\u00e7\u00e3o ser\u00e1 abafado e quente, seguindo o ritmo dos \u00faltimos dias, o que favorece a forma\u00e7\u00e3o de \u00e1reas de instabilidade a partir do per\u00edodo da tarde.<\/p>\n\n\n\n<figure class=\"wp-block-image size-full\"><img loading=\"lazy\" decoding=\"async\" width=\"598\" height=\"204\" src=\"https:\/\/radiostudiow.com.br\/site\/wp-content\/uploads\/2024\/01\/SITE-MEDIO.png\" alt=\"\" class=\"wp-image-18916\" srcset=\"https:\/\/radiostudiow.com.br\/site\/wp-content\/uploads\/2024\/01\/SITE-MEDIO.png 598w, https:\/\/radiostudiow.com.br\/site\/wp-content\/uploads\/2024\/01\/SITE-MEDIO-300x102.png 300w\" sizes=\"auto, (max-width: 598px) 100vw, 598px\" \/><\/figure>\n\n\n\n<p>O cen\u00e1rio clim\u00e1tico global indica dissipa\u00e7\u00e3o do fen\u00f4meno El Ni\u00f1o, que predominou durante o ver\u00e3o. Entra em cena La Ni\u00f1a, fen\u00f4meno clim\u00e1tico que caracteriza o resfriamento das \u00e1guas do oceano Pac\u00edfico Equatorial at\u00e9 atingir o \u00e1pice na primavera.<\/p>\n\n\n\n<p><em>\u201cA temperatura m\u00e9dia do ar tende a ficar entre pr\u00f3xima e ligeiramente acima da normalidade climatol\u00f3gica, exceto na regi\u00e3o litor\u00e2nea, onde segue o padr\u00e3o para a esta\u00e7\u00e3o\u201d, informa o meteorologista do Simepar, Reinaldo Kneib.\u00a0<\/em><\/p>\n\n\n\n<p>Est\u00e3o previstos alguns per\u00edodos de temperaturas elevadas. As manh\u00e3s e noites tornam-se progressivamente mais frias.<\/p>\n\n\n\n<p><em>\u00a0A previs\u00e3o para as regi\u00f5es \u00e9 de precipita\u00e7\u00e3o abaixo da normalidade. \u201cEst\u00e3o previstos per\u00edodos de tempo seco \u2013 os chamados veranicos \u2013, bem como nevoeiros e os primeiros epis\u00f3dios de geada, caracter\u00edsticos da esta\u00e7\u00e3o\u201d, observa o meteorologista.<\/em><\/p>\n\n\n\n<figure class=\"wp-block-image size-full\"><img decoding=\"async\" src=\"https:\/\/radiostudiow.com.br\/site\/wp-content\/uploads\/2024\/01\/SITE-GRANDE2.png\" alt=\"\" class=\"wp-image-18938\"\/><\/figure>\n\n\n\n<p>O outono paranaense, em geral, caracteriza-se pela redu\u00e7\u00e3o no volume de chuvas em rela\u00e7\u00e3o ao ver\u00e3o, causada pelo deslocamento de massas de ar frio e seco.&nbsp;<\/p>\n\n\n\n<p>Maio costuma ser o m\u00eas mais chuvoso. A dire\u00e7\u00e3o predominante do vento m\u00e9dio do Sul para o Norte do continente favorece a entrada de sistemas de alta press\u00e3o atmosf\u00e9rica, o que aumenta o intervalo entre as chuvas e as passagens de frentes frias.&nbsp;<\/p>\n\n\n\n<p>As maiores precipita\u00e7\u00f5es ocorrem habitualmente nas regi\u00f5es Sudoeste e Oeste. As menores s\u00e3o registradas no Norte.<\/p>\n\n\n\n<p>Ao longo da esta\u00e7\u00e3o, as massas de ar frio e seco provenientes da Ant\u00e1rtica e\/ou do Sul da Am\u00e9rica do Sul avan\u00e7am em dire\u00e7\u00e3o ao Paran\u00e1, causando a queda das temperaturas e per\u00edodos frios.&nbsp;<\/p>\n\n\n\n<p>Deve haver geadas nas regi\u00f5es mais altas, como Sul, Centro-Sul e Campos Gerais.<\/p>\n","protected":false},"excerpt":{"rendered":"<p>O outono tem in\u00edcio \u00e0s 0h06 desta quarta-feira (20) e termina \u00e0s 17h51 de 20 de junho. Segundo a previs\u00e3o do Sistema de Tecnologia e Monitoramento Ambiental do Paran\u00e1 (Simepar), o primeiro dia da esta\u00e7\u00e3o ser\u00e1 abafado e quente, seguindo o ritmo dos \u00faltimos dias, o que favorece a forma\u00e7\u00e3o de \u00e1reas de instabilidade a [&hellip;]<\/p>\n","protected":false},"author":2,"featured_media":20790,"comment_status":"open","ping_status":"open","sticky":false,"template":"","format":"standard","meta":{"footnotes":""},"categories":[7],"tags":[172],"class_list":["post-20787","post","type-post","status-publish","format-standard","has-post-thumbnail","hentry","category-geral","tag-featured"],"amp_enabled":true,"_links":{"self":[{"href":"https:\/\/radiostudiow.com.br\/site\/wp-json\/wp\/v2\/posts\/20787","targetHints":{"allow":["GET"]}}],"collection":[{"href":"https:\/\/radiostudiow.com.br\/site\/wp-json\/wp\/v2\/posts"}],"about":[{"href":"https:\/\/radiostudiow.com.br\/site\/wp-json\/wp\/v2\/types\/post"}],"author":[{"embeddable":true,"href":"https:\/\/radiostudiow.com.br\/site\/wp-json\/wp\/v2\/users\/2"}],"replies":[{"embeddable":true,"href":"https:\/\/radiostudiow.com.br\/site\/wp-json\/wp\/v2\/comments?post=20787"}],"version-history":[{"count":2,"href":"https:\/\/radiostudiow.com.br\/site\/wp-json\/wp\/v2\/posts\/20787\/revisions"}],"predecessor-version":[{"id":20791,"href":"https:\/\/radiostudiow.com.br\/site\/wp-json\/wp\/v2\/posts\/20787\/revisions\/20791"}],"wp:featuredmedia":[{"embeddable":true,"href":"https:\/\/radiostudiow.com.br\/site\/wp-json\/wp\/v2\/media\/20790"}],"wp:attachment":[{"href":"https:\/\/radiostudiow.com.br\/site\/wp-json\/wp\/v2\/media?parent=20787"}],"wp:term":[{"taxonomy":"category","embeddable":true,"href":"https:\/\/radiostudiow.com.br\/site\/wp-json\/wp\/v2\/categories?post=20787"},{"taxonomy":"post_tag","embeddable":true,"href":"https:\/\/radiostudiow.com.br\/site\/wp-json\/wp\/v2\/tags?post=20787"}],"curies":[{"name":"wp","href":"https:\/\/api.w.org\/{rel}","templated":true}]}}