{"id":20804,"date":"2024-03-20T21:10:52","date_gmt":"2024-03-21T00:10:52","guid":{"rendered":"https:\/\/radiostudiow.com.br\/site\/?p=20804"},"modified":"2025-01-31T15:02:06","modified_gmt":"2025-01-31T18:02:06","slug":"pm-de-uniao-da-vitoria-prende-dois-homens-em-flagrente-durante-roubo","status":"publish","type":"post","link":"https:\/\/radiostudiow.com.br\/site\/2024\/03\/20\/pm-de-uniao-da-vitoria-prende-dois-homens-em-flagrente-durante-roubo\/","title":{"rendered":"PM de Uni\u00e3o da Vit\u00f3ria prende dois homens em flagrente durante roubo"},"content":{"rendered":"\n<p>A equipe da Pol\u00edcia Militar de Uni\u00e3o da Vit\u00f3ria atendeu uma situa\u00e7\u00e3o de roubo em uma loja na Avenida Manoel Ribas, \u00e1rea central da cidade, por volta das 18 horas dessa ter\u00e7a-feira (19).<\/p>\n\n\n\n<figure class=\"wp-block-image size-large\"><img decoding=\"async\" src=\"https:\/\/radiostudiow.com.br\/site\/wp-content\/uploads\/2024\/02\/capa-1024x387.jpg\" alt=\"\" class=\"wp-image-19551\"\/><\/figure>\n\n\n\n<p>De acordo com o relat\u00f3rio policial, os policiais realizando patrulhamento, quando foi informada sobre o crime e visualizou os suspeitos correndo. Os dois homens de posse de uma arma de press\u00e3o do tipo Airsoft.<\/p>\n\n\n\n<p>Na persegui\u00e7\u00e3o aos assaltantes, os policiais contaram com apoio de populares e conseguiram proceder com a abordagem. Os homens foram identificados e receberam voz de pris\u00e3o sendo conduzidos para a delegacia.<\/p>\n\n\n\n<figure class=\"wp-block-image size-full\"><img loading=\"lazy\" decoding=\"async\" width=\"897\" height=\"204\" src=\"https:\/\/radiostudiow.com.br\/site\/wp-content\/uploads\/2024\/01\/SITE-GRANDE3.png\" alt=\"zaions\" class=\"wp-image-18936\" srcset=\"https:\/\/radiostudiow.com.br\/site\/wp-content\/uploads\/2024\/01\/SITE-GRANDE3.png 897w, https:\/\/radiostudiow.com.br\/site\/wp-content\/uploads\/2024\/01\/SITE-GRANDE3-300x68.png 300w, https:\/\/radiostudiow.com.br\/site\/wp-content\/uploads\/2024\/01\/SITE-GRANDE3-768x175.png 768w\" sizes=\"auto, (max-width: 897px) 100vw, 897px\" \/><\/figure>\n\n\n\n<p>A equipe policial apreendeu a arma utilizada no crime e recuperou os aparelhos eletr\u00f4nicos que haviam sido roubados e estavam em uma mochila. Ao todo foram 11 celulares da marca Iphone, 10 da marca Samsung, 7 da marca Motorola, 2 da marca LG, 1 da marca Xiaomi e 1 da marca Caterpillar, al\u00e9m de 2 tablets, 1 notebook e R$ 775,00 reais em dinheiro.<\/p>\n","protected":false},"excerpt":{"rendered":"<p>A equipe da Pol\u00edcia Militar de Uni\u00e3o da Vit\u00f3ria atendeu uma situa\u00e7\u00e3o de roubo em uma loja na Avenida Manoel Ribas, \u00e1rea central da cidade, por volta das 18 horas dessa ter\u00e7a-feira (19). De acordo com o relat\u00f3rio policial, os policiais realizando patrulhamento, quando foi informada sobre o crime e visualizou os suspeitos correndo. Os [&hellip;]<\/p>\n","protected":false},"author":2,"featured_media":20822,"comment_status":"open","ping_status":"open","sticky":false,"template":"","format":"standard","meta":{"footnotes":""},"categories":[2],"tags":[172],"class_list":["post-20804","post","type-post","status-publish","format-standard","has-post-thumbnail","hentry","category-policial","tag-featured"],"amp_enabled":true,"_links":{"self":[{"href":"https:\/\/radiostudiow.com.br\/site\/wp-json\/wp\/v2\/posts\/20804","targetHints":{"allow":["GET"]}}],"collection":[{"href":"https:\/\/radiostudiow.com.br\/site\/wp-json\/wp\/v2\/posts"}],"about":[{"href":"https:\/\/radiostudiow.com.br\/site\/wp-json\/wp\/v2\/types\/post"}],"author":[{"embeddable":true,"href":"https:\/\/radiostudiow.com.br\/site\/wp-json\/wp\/v2\/users\/2"}],"replies":[{"embeddable":true,"href":"https:\/\/radiostudiow.com.br\/site\/wp-json\/wp\/v2\/comments?post=20804"}],"version-history":[{"count":2,"href":"https:\/\/radiostudiow.com.br\/site\/wp-json\/wp\/v2\/posts\/20804\/revisions"}],"predecessor-version":[{"id":20823,"href":"https:\/\/radiostudiow.com.br\/site\/wp-json\/wp\/v2\/posts\/20804\/revisions\/20823"}],"wp:featuredmedia":[{"embeddable":true,"href":"https:\/\/radiostudiow.com.br\/site\/wp-json\/wp\/v2\/media\/20822"}],"wp:attachment":[{"href":"https:\/\/radiostudiow.com.br\/site\/wp-json\/wp\/v2\/media?parent=20804"}],"wp:term":[{"taxonomy":"category","embeddable":true,"href":"https:\/\/radiostudiow.com.br\/site\/wp-json\/wp\/v2\/categories?post=20804"},{"taxonomy":"post_tag","embeddable":true,"href":"https:\/\/radiostudiow.com.br\/site\/wp-json\/wp\/v2\/tags?post=20804"}],"curies":[{"name":"wp","href":"https:\/\/api.w.org\/{rel}","templated":true}]}}