{"id":20806,"date":"2024-03-20T21:04:23","date_gmt":"2024-03-21T00:04:23","guid":{"rendered":"https:\/\/radiostudiow.com.br\/site\/?p=20806"},"modified":"2025-01-31T15:02:06","modified_gmt":"2025-01-31T18:02:06","slug":"divida-de-veiculo-em-general-carneiro-vira-caso-de-policia","status":"publish","type":"post","link":"https:\/\/radiostudiow.com.br\/site\/2024\/03\/20\/divida-de-veiculo-em-general-carneiro-vira-caso-de-policia\/","title":{"rendered":"D\u00edvida de ve\u00edculo em General Carneiro vira caso de Pol\u00edcia"},"content":{"rendered":"\n<p>Um morador da cidade de General Carneiro procurou a Pol\u00edcia Militar para denunciar um caso de apropria\u00e7\u00e3o ind\u00e9bita ap\u00f3s vender um carro e n\u00e3o receber o valor combinado nessa ter\u00e7a-feira (19).<\/p>\n\n\n\n<figure class=\"wp-block-image size-full\"><img loading=\"lazy\" decoding=\"async\" width=\"598\" height=\"204\" src=\"https:\/\/radiostudiow.com.br\/site\/wp-content\/uploads\/2024\/01\/SITE-MEDIO.png\" alt=\"\" class=\"wp-image-18916\" srcset=\"https:\/\/radiostudiow.com.br\/site\/wp-content\/uploads\/2024\/01\/SITE-MEDIO.png 598w, https:\/\/radiostudiow.com.br\/site\/wp-content\/uploads\/2024\/01\/SITE-MEDIO-300x102.png 300w\" sizes=\"auto, (max-width: 598px) 100vw, 598px\" \/><\/figure>\n\n\n\n<p>De acordo com informa\u00e7\u00f5es divulgadas pela Pol\u00edcia, o solicitante vendeu um carro no m\u00eas de setembro do ano passado para um homem pelo valor de R$ 5 mil reais. O comprador deveria pagar a quantia de R$ 600,00 reais por m\u00eas. Ap\u00f3s pagar o montante de R$ 3 mil reais, o comprador parou de fazer os pagamentos.<\/p>\n\n\n\n<p>O solicitante relatou que fez contato com o comprador que alegava que pagaria, no entanto, n\u00e3o cumpria com o combinado. Al\u00e9m disso, ele repassou o carro para outra pessoa. O caso foi registrado e a v\u00edtima foi orientada quanto aos procedimentos.<\/p>\n","protected":false},"excerpt":{"rendered":"<p>Um morador da cidade de General Carneiro procurou a Pol\u00edcia Militar para denunciar um caso de apropria\u00e7\u00e3o ind\u00e9bita ap\u00f3s vender um carro e n\u00e3o receber o valor combinado nessa ter\u00e7a-feira (19). De acordo com informa\u00e7\u00f5es divulgadas pela Pol\u00edcia, o solicitante vendeu um carro no m\u00eas de setembro do ano passado para um homem pelo valor [&hellip;]<\/p>\n","protected":false},"author":2,"featured_media":19871,"comment_status":"open","ping_status":"open","sticky":false,"template":"","format":"standard","meta":{"footnotes":""},"categories":[2],"tags":[172],"class_list":["post-20806","post","type-post","status-publish","format-standard","has-post-thumbnail","hentry","category-policial","tag-featured"],"amp_enabled":true,"_links":{"self":[{"href":"https:\/\/radiostudiow.com.br\/site\/wp-json\/wp\/v2\/posts\/20806","targetHints":{"allow":["GET"]}}],"collection":[{"href":"https:\/\/radiostudiow.com.br\/site\/wp-json\/wp\/v2\/posts"}],"about":[{"href":"https:\/\/radiostudiow.com.br\/site\/wp-json\/wp\/v2\/types\/post"}],"author":[{"embeddable":true,"href":"https:\/\/radiostudiow.com.br\/site\/wp-json\/wp\/v2\/users\/2"}],"replies":[{"embeddable":true,"href":"https:\/\/radiostudiow.com.br\/site\/wp-json\/wp\/v2\/comments?post=20806"}],"version-history":[{"count":2,"href":"https:\/\/radiostudiow.com.br\/site\/wp-json\/wp\/v2\/posts\/20806\/revisions"}],"predecessor-version":[{"id":20815,"href":"https:\/\/radiostudiow.com.br\/site\/wp-json\/wp\/v2\/posts\/20806\/revisions\/20815"}],"wp:featuredmedia":[{"embeddable":true,"href":"https:\/\/radiostudiow.com.br\/site\/wp-json\/wp\/v2\/media\/19871"}],"wp:attachment":[{"href":"https:\/\/radiostudiow.com.br\/site\/wp-json\/wp\/v2\/media?parent=20806"}],"wp:term":[{"taxonomy":"category","embeddable":true,"href":"https:\/\/radiostudiow.com.br\/site\/wp-json\/wp\/v2\/categories?post=20806"},{"taxonomy":"post_tag","embeddable":true,"href":"https:\/\/radiostudiow.com.br\/site\/wp-json\/wp\/v2\/tags?post=20806"}],"curies":[{"name":"wp","href":"https:\/\/api.w.org\/{rel}","templated":true}]}}