{"id":20833,"date":"2024-03-21T21:19:01","date_gmt":"2024-03-22T00:19:01","guid":{"rendered":"https:\/\/radiostudiow.com.br\/site\/?p=20833"},"modified":"2025-01-31T15:02:05","modified_gmt":"2025-01-31T18:02:05","slug":"homem-e-preso-apos-ameacar-os-pais-de-morte-em-paula-freitas","status":"publish","type":"post","link":"https:\/\/radiostudiow.com.br\/site\/2024\/03\/21\/homem-e-preso-apos-ameacar-os-pais-de-morte-em-paula-freitas\/","title":{"rendered":"Homem \u00e9 preso ap\u00f3s amea\u00e7ar os pais de morte em Paula Freitas"},"content":{"rendered":"\n<p>A equipe da Pol\u00edcia Militar de Paula Freitas foi acionada para verificar a situa\u00e7\u00e3o de viol\u00eancia dom\u00e9stica, danos e amea\u00e7a na localidade de Jararaca por volta das 11:15 horas dessa quarta-feira (20).<\/p>\n\n\n\n<figure class=\"wp-block-image size-full\"><img loading=\"lazy\" decoding=\"async\" width=\"897\" height=\"204\" src=\"https:\/\/radiostudiow.com.br\/site\/wp-content\/uploads\/2024\/01\/SITE-GRANDE3.png\" alt=\"zaions\" class=\"wp-image-18936\" srcset=\"https:\/\/radiostudiow.com.br\/site\/wp-content\/uploads\/2024\/01\/SITE-GRANDE3.png 897w, https:\/\/radiostudiow.com.br\/site\/wp-content\/uploads\/2024\/01\/SITE-GRANDE3-300x68.png 300w, https:\/\/radiostudiow.com.br\/site\/wp-content\/uploads\/2024\/01\/SITE-GRANDE3-768x175.png 768w\" sizes=\"auto, (max-width: 897px) 100vw, 897px\" \/><\/figure>\n\n\n\n<p>No local, os policiais entraram em contato com o solicitante, o qual passou a relatar que seu filho estava bastante alterado na resid\u00eancia e queria sair de motocicleta e ir at\u00e9 a casa de um amigo para vender um aparelho de som que estava no carro de seu pai.<\/p>\n\n\n\n<p>O solicitante relatou que seu filho \u00e9 usu\u00e1rio de entorpecentes, e que por esse motivo n\u00e3o queriam sa\u00edsse da resid\u00eancia. Momento que iniciou uma discuss\u00e3o, onde em seguida o seu filho passou a proferir amea\u00e7as a seu pai e sua m\u00e3e, dizendo que iria dar fim a vida dos mesmos.<\/p>\n\n\n\n<figure class=\"wp-block-image size-full\"><img decoding=\"async\" src=\"https:\/\/radiostudiow.com.br\/site\/wp-content\/uploads\/2024\/01\/SITE-GRANDE.png\" alt=\"\" class=\"wp-image-18949\"\/><\/figure>\n\n\n\n<p>De acordo com o relat\u00f3rio repassado para a imprensa, o autor come\u00e7ou a bater no carro de seu pai com um peda\u00e7o de madeira e estava de posse de uma faca.<\/p>\n\n\n\n<p>Diante dos fatos a equipe policial deu voz de pris\u00e3o ao autor, que foi conduzido at\u00e9 a 4\u00aa SDP para as provid\u00eancias cab\u00edveis.<\/p>\n","protected":false},"excerpt":{"rendered":"<p>A equipe da Pol\u00edcia Militar de Paula Freitas foi acionada para verificar a situa\u00e7\u00e3o de viol\u00eancia dom\u00e9stica, danos e amea\u00e7a na localidade de Jararaca por volta das 11:15 horas dessa quarta-feira (20). No local, os policiais entraram em contato com o solicitante, o qual passou a relatar que seu filho estava bastante alterado na resid\u00eancia [&hellip;]<\/p>\n","protected":false},"author":2,"featured_media":0,"comment_status":"open","ping_status":"open","sticky":false,"template":"","format":"standard","meta":{"footnotes":""},"categories":[2],"tags":[172],"class_list":["post-20833","post","type-post","status-publish","format-standard","hentry","category-policial","tag-featured"],"amp_enabled":true,"_links":{"self":[{"href":"https:\/\/radiostudiow.com.br\/site\/wp-json\/wp\/v2\/posts\/20833","targetHints":{"allow":["GET"]}}],"collection":[{"href":"https:\/\/radiostudiow.com.br\/site\/wp-json\/wp\/v2\/posts"}],"about":[{"href":"https:\/\/radiostudiow.com.br\/site\/wp-json\/wp\/v2\/types\/post"}],"author":[{"embeddable":true,"href":"https:\/\/radiostudiow.com.br\/site\/wp-json\/wp\/v2\/users\/2"}],"replies":[{"embeddable":true,"href":"https:\/\/radiostudiow.com.br\/site\/wp-json\/wp\/v2\/comments?post=20833"}],"version-history":[{"count":4,"href":"https:\/\/radiostudiow.com.br\/site\/wp-json\/wp\/v2\/posts\/20833\/revisions"}],"predecessor-version":[{"id":20853,"href":"https:\/\/radiostudiow.com.br\/site\/wp-json\/wp\/v2\/posts\/20833\/revisions\/20853"}],"wp:attachment":[{"href":"https:\/\/radiostudiow.com.br\/site\/wp-json\/wp\/v2\/media?parent=20833"}],"wp:term":[{"taxonomy":"category","embeddable":true,"href":"https:\/\/radiostudiow.com.br\/site\/wp-json\/wp\/v2\/categories?post=20833"},{"taxonomy":"post_tag","embeddable":true,"href":"https:\/\/radiostudiow.com.br\/site\/wp-json\/wp\/v2\/tags?post=20833"}],"curies":[{"name":"wp","href":"https:\/\/api.w.org\/{rel}","templated":true}]}}