{"id":20863,"date":"2024-03-22T09:56:20","date_gmt":"2024-03-22T12:56:20","guid":{"rendered":"https:\/\/radiostudiow.com.br\/site\/?p=20863"},"modified":"2025-01-31T15:02:05","modified_gmt":"2025-01-31T18:02:05","slug":"pre-e-bombeiros-atendem-incendio-em-veiculo-na-pr-151","status":"publish","type":"post","link":"https:\/\/radiostudiow.com.br\/site\/2024\/03\/22\/pre-e-bombeiros-atendem-incendio-em-veiculo-na-pr-151\/","title":{"rendered":"PRE e Bombeiros atendem inc\u00eandio em ve\u00edculo na PR-151 em S\u00e3o Mateus do Sul"},"content":{"rendered":"\n<p>A equipe da Pol\u00edcia Rodovi\u00e1ria Estadual de S\u00e3o Mateus do Sul foi acionada para atender uma ocorr\u00eancia de inc\u00eandio em ve\u00edculo por volta das 09:25 horas dessa quinta feira (21).<\/p>\n\n\n\n<p> A situa\u00e7\u00e3o ocorreu na PR-151, km 462, regi\u00e3o de S\u00e3o Miguel da Roseira, trecho entre S\u00e3o Mateus do Sul e Tr\u00eas Barras. No local foi constatado que o ve\u00edculo Fiat Uno placas Mercosul havia pegado fogo devido a problemas el\u00e9tricos<\/p>\n\n\n\n<p>A equipe do corpo de bombeiros j\u00e1 tinha apagado as chamas do ve\u00edculo. N\u00e3o teve v\u00edtimas na ocorr\u00eancia.<\/p>\n\n\n\n<figure class=\"wp-block-image size-large\"><img decoding=\"async\" src=\"https:\/\/radiostudiow.com.br\/site\/wp-content\/uploads\/2024\/02\/capa-1024x387.jpg\" alt=\"\" class=\"wp-image-19551\"\/><\/figure>\n\n\n\n<figure class=\"wp-block-image size-large\"><img loading=\"lazy\" decoding=\"async\" width=\"1024\" height=\"768\" src=\"https:\/\/radiostudiow.com.br\/site\/wp-content\/uploads\/2024\/03\/image-45-1024x768.png\" alt=\"\" class=\"wp-image-20865\" srcset=\"https:\/\/radiostudiow.com.br\/site\/wp-content\/uploads\/2024\/03\/image-45-1024x768.png 1024w, https:\/\/radiostudiow.com.br\/site\/wp-content\/uploads\/2024\/03\/image-45-300x225.png 300w, https:\/\/radiostudiow.com.br\/site\/wp-content\/uploads\/2024\/03\/image-45-768x576.png 768w, https:\/\/radiostudiow.com.br\/site\/wp-content\/uploads\/2024\/03\/image-45.png 1080w\" sizes=\"auto, (max-width: 1024px) 100vw, 1024px\" \/><\/figure>\n\n\n\n<figure class=\"wp-block-image size-large\"><img loading=\"lazy\" decoding=\"async\" width=\"1024\" height=\"768\" src=\"https:\/\/radiostudiow.com.br\/site\/wp-content\/uploads\/2024\/03\/image-46-1024x768.png\" alt=\"\" class=\"wp-image-20866\" srcset=\"https:\/\/radiostudiow.com.br\/site\/wp-content\/uploads\/2024\/03\/image-46-1024x768.png 1024w, https:\/\/radiostudiow.com.br\/site\/wp-content\/uploads\/2024\/03\/image-46-300x225.png 300w, https:\/\/radiostudiow.com.br\/site\/wp-content\/uploads\/2024\/03\/image-46-768x576.png 768w, https:\/\/radiostudiow.com.br\/site\/wp-content\/uploads\/2024\/03\/image-46.png 1080w\" sizes=\"auto, (max-width: 1024px) 100vw, 1024px\" \/><\/figure>\n","protected":false},"excerpt":{"rendered":"<p>A equipe da Pol\u00edcia Rodovi\u00e1ria Estadual de S\u00e3o Mateus do Sul foi acionada para atender uma ocorr\u00eancia de inc\u00eandio em ve\u00edculo por volta das 09:25 horas dessa quinta feira (21). A situa\u00e7\u00e3o ocorreu na PR-151, km 462, regi\u00e3o de S\u00e3o Miguel da Roseira, trecho entre S\u00e3o Mateus do Sul e Tr\u00eas Barras. No local foi [&hellip;]<\/p>\n","protected":false},"author":2,"featured_media":20864,"comment_status":"open","ping_status":"open","sticky":false,"template":"","format":"standard","meta":{"footnotes":""},"categories":[185],"tags":[172],"class_list":["post-20863","post","type-post","status-publish","format-standard","has-post-thumbnail","hentry","category-regional","tag-featured"],"amp_enabled":true,"_links":{"self":[{"href":"https:\/\/radiostudiow.com.br\/site\/wp-json\/wp\/v2\/posts\/20863","targetHints":{"allow":["GET"]}}],"collection":[{"href":"https:\/\/radiostudiow.com.br\/site\/wp-json\/wp\/v2\/posts"}],"about":[{"href":"https:\/\/radiostudiow.com.br\/site\/wp-json\/wp\/v2\/types\/post"}],"author":[{"embeddable":true,"href":"https:\/\/radiostudiow.com.br\/site\/wp-json\/wp\/v2\/users\/2"}],"replies":[{"embeddable":true,"href":"https:\/\/radiostudiow.com.br\/site\/wp-json\/wp\/v2\/comments?post=20863"}],"version-history":[{"count":2,"href":"https:\/\/radiostudiow.com.br\/site\/wp-json\/wp\/v2\/posts\/20863\/revisions"}],"predecessor-version":[{"id":20868,"href":"https:\/\/radiostudiow.com.br\/site\/wp-json\/wp\/v2\/posts\/20863\/revisions\/20868"}],"wp:featuredmedia":[{"embeddable":true,"href":"https:\/\/radiostudiow.com.br\/site\/wp-json\/wp\/v2\/media\/20864"}],"wp:attachment":[{"href":"https:\/\/radiostudiow.com.br\/site\/wp-json\/wp\/v2\/media?parent=20863"}],"wp:term":[{"taxonomy":"category","embeddable":true,"href":"https:\/\/radiostudiow.com.br\/site\/wp-json\/wp\/v2\/categories?post=20863"},{"taxonomy":"post_tag","embeddable":true,"href":"https:\/\/radiostudiow.com.br\/site\/wp-json\/wp\/v2\/tags?post=20863"}],"curies":[{"name":"wp","href":"https:\/\/api.w.org\/{rel}","templated":true}]}}