{"id":20875,"date":"2024-03-23T10:08:44","date_gmt":"2024-03-23T13:08:44","guid":{"rendered":"https:\/\/radiostudiow.com.br\/site\/?p=20875"},"modified":"2025-01-31T15:02:05","modified_gmt":"2025-01-31T18:02:05","slug":"homem-e-espancado-apos-recusar-a-pagar-r80000-em-cerveja-em-uniao-da-vitoria","status":"publish","type":"post","link":"https:\/\/radiostudiow.com.br\/site\/2024\/03\/23\/homem-e-espancado-apos-recusar-a-pagar-r80000-em-cerveja-em-uniao-da-vitoria\/","title":{"rendered":"Homem \u00e9 espancado ap\u00f3s recusar a pagar R$800,00 em cerveja em Uni\u00e3o da Vit\u00f3ria"},"content":{"rendered":"\n<p>A equipe da pol\u00edcia militar foi acionada at\u00e9 a Unidade de Pronto Atendimento \u2013 UPA de Uni\u00e3o da Vit\u00f3ria, onde havia dado entrada um homem v\u00edtima de agress\u00e3o por volta das 04:50 horas desta sexta-feira (22).<\/p>\n\n\n\n<p>Os m\u00e9dicos relataram que deu entrada na unidade um homem apresentando les\u00f5es extensas e profundas na cabe\u00e7a, com muitos pontos de sangramento.<\/p>\n\n\n\n<figure class=\"wp-block-image size-full\"><img decoding=\"async\" src=\"https:\/\/radiostudiow.com.br\/site\/wp-content\/uploads\/2024\/03\/SITE-MEDIO5.png\" alt=\"\" class=\"wp-image-20406\"\/><\/figure>\n\n\n\n<p>Em conversa com a v\u00edtima, contou que chegou a um estabelecimento no parque ambiental e pediu uma cerveja. Em seguida, foi informado que sua comanda constava o total de R$800,00. Ao receber esta informa\u00e7\u00e3o, a v\u00edtima devolveu a cerveja. Segundo ele, imediatamente, a equipe de seguran\u00e7a do local come\u00e7ou a agredi-lo com socos.<\/p>\n\n\n\n<p>A v\u00edtima tamb\u00e9m relatou que mais quatro homens o agrediram juntamente com o seguran\u00e7a e mostraram uma arma, indicando que o matariam. Neste momento, a v\u00edtima entregou o celular como forma de pagamento e saiu do local pedindo socorro.<\/p>\n\n\n\n<figure class=\"wp-block-image size-large\"><img decoding=\"async\" src=\"https:\/\/radiostudiow.com.br\/site\/wp-content\/uploads\/2024\/02\/capa-1024x387.jpg\" alt=\"\" class=\"wp-image-19551\"\/><\/figure>\n\n\n\n<p>Os policiais foram at\u00e9 o local indicado, mas o estabelecimento estava fechado e, apesar das tentativas com sinais luminosos e sonoros, a equipe n\u00e3o foi atendida. Foi confeccionado o boletim de ocorr\u00eancia e a v\u00edtima foi orientada.<\/p>\n","protected":false},"excerpt":{"rendered":"<p>A equipe da pol\u00edcia militar foi acionada at\u00e9 a Unidade de Pronto Atendimento \u2013 UPA de Uni\u00e3o da Vit\u00f3ria, onde havia dado entrada um homem v\u00edtima de agress\u00e3o por volta das 04:50 horas desta sexta-feira (22). Os m\u00e9dicos relataram que deu entrada na unidade um homem apresentando les\u00f5es extensas e profundas na cabe\u00e7a, com muitos [&hellip;]<\/p>\n","protected":false},"author":2,"featured_media":14208,"comment_status":"open","ping_status":"open","sticky":false,"template":"","format":"standard","meta":{"footnotes":""},"categories":[2],"tags":[172],"class_list":["post-20875","post","type-post","status-publish","format-standard","has-post-thumbnail","hentry","category-policial","tag-featured"],"amp_enabled":true,"_links":{"self":[{"href":"https:\/\/radiostudiow.com.br\/site\/wp-json\/wp\/v2\/posts\/20875","targetHints":{"allow":["GET"]}}],"collection":[{"href":"https:\/\/radiostudiow.com.br\/site\/wp-json\/wp\/v2\/posts"}],"about":[{"href":"https:\/\/radiostudiow.com.br\/site\/wp-json\/wp\/v2\/types\/post"}],"author":[{"embeddable":true,"href":"https:\/\/radiostudiow.com.br\/site\/wp-json\/wp\/v2\/users\/2"}],"replies":[{"embeddable":true,"href":"https:\/\/radiostudiow.com.br\/site\/wp-json\/wp\/v2\/comments?post=20875"}],"version-history":[{"count":2,"href":"https:\/\/radiostudiow.com.br\/site\/wp-json\/wp\/v2\/posts\/20875\/revisions"}],"predecessor-version":[{"id":20893,"href":"https:\/\/radiostudiow.com.br\/site\/wp-json\/wp\/v2\/posts\/20875\/revisions\/20893"}],"wp:featuredmedia":[{"embeddable":true,"href":"https:\/\/radiostudiow.com.br\/site\/wp-json\/wp\/v2\/media\/14208"}],"wp:attachment":[{"href":"https:\/\/radiostudiow.com.br\/site\/wp-json\/wp\/v2\/media?parent=20875"}],"wp:term":[{"taxonomy":"category","embeddable":true,"href":"https:\/\/radiostudiow.com.br\/site\/wp-json\/wp\/v2\/categories?post=20875"},{"taxonomy":"post_tag","embeddable":true,"href":"https:\/\/radiostudiow.com.br\/site\/wp-json\/wp\/v2\/tags?post=20875"}],"curies":[{"name":"wp","href":"https:\/\/api.w.org\/{rel}","templated":true}]}}