{"id":20877,"date":"2024-03-22T11:24:42","date_gmt":"2024-03-22T14:24:42","guid":{"rendered":"https:\/\/radiostudiow.com.br\/site\/?p=20877"},"modified":"2025-01-31T15:02:05","modified_gmt":"2025-01-31T18:02:05","slug":"morador-de-sao-mateus-do-sul-e-agredido-com-barra-de-ferro-por-desavenca-em-trabalho","status":"publish","type":"post","link":"https:\/\/radiostudiow.com.br\/site\/2024\/03\/22\/morador-de-sao-mateus-do-sul-e-agredido-com-barra-de-ferro-por-desavenca-em-trabalho\/","title":{"rendered":"Morador de S\u00e3o Mateus do Sul \u00e9 agredido com barra de ferro por desaven\u00e7a em trabalho"},"content":{"rendered":"\n<p>A equipe da Pol\u00edcia Militar de S\u00e3o Mateus do Sul foi acionada para uma ocorr\u00eancia de agress\u00e3o por volta das 18:00 horas dessa quinta-feira (21).<\/p>\n\n\n\n<figure class=\"wp-block-image size-large\"><img decoding=\"async\" src=\"https:\/\/radiostudiow.com.br\/site\/wp-content\/uploads\/2024\/03\/image-47-1024x390.png\" alt=\"\" class=\"wp-image-20879\"\/><\/figure>\n\n\n\n<p>No local, os policiais entraram em contato com a v\u00edtima, a qual relatou \u00e0 equipe que dois indiv\u00edduos o abordaram na rua, proferindo amea\u00e7as e o agredindo com uma barra de ferro. Questionada sobre o motivo, a v\u00edtima mencionou que se tratava de desaven\u00e7as ocorridas no trabalho.<\/p>\n\n\n\n<p>A equipe realizou patrulhamento com o intuito de encontrar os autores, por\u00e9m sem sucesso. Desta forma, foi orientada \u00e0 v\u00edtima sobre as medidas cab\u00edveis referentes ao caso.<\/p>\n","protected":false},"excerpt":{"rendered":"<p>A equipe da Pol\u00edcia Militar de S\u00e3o Mateus do Sul foi acionada para uma ocorr\u00eancia de agress\u00e3o por volta das 18:00 horas dessa quinta-feira (21). No local, os policiais entraram em contato com a v\u00edtima, a qual relatou \u00e0 equipe que dois indiv\u00edduos o abordaram na rua, proferindo amea\u00e7as e o agredindo com uma barra [&hellip;]<\/p>\n","protected":false},"author":2,"featured_media":10652,"comment_status":"open","ping_status":"open","sticky":false,"template":"","format":"standard","meta":{"footnotes":""},"categories":[2],"tags":[172],"class_list":["post-20877","post","type-post","status-publish","format-standard","has-post-thumbnail","hentry","category-policial","tag-featured"],"amp_enabled":true,"_links":{"self":[{"href":"https:\/\/radiostudiow.com.br\/site\/wp-json\/wp\/v2\/posts\/20877","targetHints":{"allow":["GET"]}}],"collection":[{"href":"https:\/\/radiostudiow.com.br\/site\/wp-json\/wp\/v2\/posts"}],"about":[{"href":"https:\/\/radiostudiow.com.br\/site\/wp-json\/wp\/v2\/types\/post"}],"author":[{"embeddable":true,"href":"https:\/\/radiostudiow.com.br\/site\/wp-json\/wp\/v2\/users\/2"}],"replies":[{"embeddable":true,"href":"https:\/\/radiostudiow.com.br\/site\/wp-json\/wp\/v2\/comments?post=20877"}],"version-history":[{"count":2,"href":"https:\/\/radiostudiow.com.br\/site\/wp-json\/wp\/v2\/posts\/20877\/revisions"}],"predecessor-version":[{"id":20880,"href":"https:\/\/radiostudiow.com.br\/site\/wp-json\/wp\/v2\/posts\/20877\/revisions\/20880"}],"wp:featuredmedia":[{"embeddable":true,"href":"https:\/\/radiostudiow.com.br\/site\/wp-json\/wp\/v2\/media\/10652"}],"wp:attachment":[{"href":"https:\/\/radiostudiow.com.br\/site\/wp-json\/wp\/v2\/media?parent=20877"}],"wp:term":[{"taxonomy":"category","embeddable":true,"href":"https:\/\/radiostudiow.com.br\/site\/wp-json\/wp\/v2\/categories?post=20877"},{"taxonomy":"post_tag","embeddable":true,"href":"https:\/\/radiostudiow.com.br\/site\/wp-json\/wp\/v2\/tags?post=20877"}],"curies":[{"name":"wp","href":"https:\/\/api.w.org\/{rel}","templated":true}]}}