{"id":20898,"date":"2024-03-23T10:07:17","date_gmt":"2024-03-23T13:07:17","guid":{"rendered":"https:\/\/radiostudiow.com.br\/site\/?p=20898"},"modified":"2025-01-31T15:02:05","modified_gmt":"2025-01-31T18:02:05","slug":"em-general-carneiro-discussao-em-comercio-termina-em-agressao","status":"publish","type":"post","link":"https:\/\/radiostudiow.com.br\/site\/2024\/03\/23\/em-general-carneiro-discussao-em-comercio-termina-em-agressao\/","title":{"rendered":"Em General Carneiro, discuss\u00e3o em com\u00e9rcio termina em agress\u00e3o"},"content":{"rendered":"\n<p>A equipe policial foi acionada por populares que relataram uma briga em um com\u00e9rcio na regi\u00e3o de S\u00e3o Jo\u00e3o em General Carneiro por volta das 10:50 horas desta quinta-feira(21).<\/p>\n\n\n\n<p>Ao chegar ao local, os policiais encontraram uma mulher sendo v\u00edtima de agress\u00e3o e imediatamente iniciaram as investiga\u00e7\u00f5es.<\/p>\n\n\n\n<figure class=\"wp-block-image size-large\"><img decoding=\"async\" src=\"https:\/\/radiostudiow.com.br\/site\/wp-content\/uploads\/2024\/03\/LABIRATI-1024x1024.png\" alt=\"\" class=\"wp-image-20677\"\/><\/figure>\n\n\n\n<p>Segundo o relato da v\u00edtima, ela estava acompanhada de sua m\u00e3e quando sua ex-sogra, acompanhada de sua filha e outros homens, chegou ao local. A ex-sogra, portando uma faca, come\u00e7ou a discutir com a v\u00edtima sobre a situa\u00e7\u00e3o de seu filho, que estava hospitalizado devido a uma les\u00e3o corporal. A ex-sogra acusava a v\u00edtima de ser culpada pela situa\u00e7\u00e3o.<\/p>\n\n\n\n<p>A v\u00edtima explicou que teve um relacionamento com o filho da ex-sogra por cerca de quatro anos, mas atualmente est\u00e3o separados, e ele n\u00e3o aceita o t\u00e9rmino do relacionamento. Durante a discuss\u00e3o, a ex-sogra foi contida por populares para evitar les\u00f5es corporais na v\u00edtima, mas acabou usando for\u00e7a f\u00edsica para agredi-la.<\/p>\n\n\n\n<figure class=\"wp-block-image size-full\"><img decoding=\"async\" src=\"https:\/\/radiostudiow.com.br\/site\/wp-content\/uploads\/2024\/01\/SITE-GRANDE2.png\" alt=\"\" class=\"wp-image-18938\"\/><\/figure>\n\n\n\n<p>Ap\u00f3s as agress\u00f5es, a autora das agress\u00f5es deixou o local, fazendo amea\u00e7as \u00e0 v\u00edtima e tomando rumo ignorado. Durante a busca no local, foi encontrada a faca utilizada, escondida debaixo das prateleiras do com\u00e9rcio. A equipe policial recolheu a arma branca e a entregou posteriormente na 4\u00aa SDP.<\/p>\n\n\n\n<p>As v\u00edtimas foram orientadas sobre as medidas pertinentes a serem tomadas diante do ocorrido, enquanto as autoridades seguem investigando o caso para garantir a seguran\u00e7a e a justi\u00e7a para os envolvidos.<\/p>\n","protected":false},"excerpt":{"rendered":"<p>A equipe policial foi acionada por populares que relataram uma briga em um com\u00e9rcio na regi\u00e3o de S\u00e3o Jo\u00e3o em General Carneiro por volta das 10:50 horas desta quinta-feira(21). Ao chegar ao local, os policiais encontraram uma mulher sendo v\u00edtima de agress\u00e3o e imediatamente iniciaram as investiga\u00e7\u00f5es. Segundo o relato da v\u00edtima, ela estava acompanhada [&hellip;]<\/p>\n","protected":false},"author":2,"featured_media":6882,"comment_status":"open","ping_status":"open","sticky":false,"template":"","format":"standard","meta":{"footnotes":""},"categories":[2],"tags":[172],"class_list":["post-20898","post","type-post","status-publish","format-standard","has-post-thumbnail","hentry","category-policial","tag-featured"],"amp_enabled":true,"_links":{"self":[{"href":"https:\/\/radiostudiow.com.br\/site\/wp-json\/wp\/v2\/posts\/20898","targetHints":{"allow":["GET"]}}],"collection":[{"href":"https:\/\/radiostudiow.com.br\/site\/wp-json\/wp\/v2\/posts"}],"about":[{"href":"https:\/\/radiostudiow.com.br\/site\/wp-json\/wp\/v2\/types\/post"}],"author":[{"embeddable":true,"href":"https:\/\/radiostudiow.com.br\/site\/wp-json\/wp\/v2\/users\/2"}],"replies":[{"embeddable":true,"href":"https:\/\/radiostudiow.com.br\/site\/wp-json\/wp\/v2\/comments?post=20898"}],"version-history":[{"count":2,"href":"https:\/\/radiostudiow.com.br\/site\/wp-json\/wp\/v2\/posts\/20898\/revisions"}],"predecessor-version":[{"id":20918,"href":"https:\/\/radiostudiow.com.br\/site\/wp-json\/wp\/v2\/posts\/20898\/revisions\/20918"}],"wp:featuredmedia":[{"embeddable":true,"href":"https:\/\/radiostudiow.com.br\/site\/wp-json\/wp\/v2\/media\/6882"}],"wp:attachment":[{"href":"https:\/\/radiostudiow.com.br\/site\/wp-json\/wp\/v2\/media?parent=20898"}],"wp:term":[{"taxonomy":"category","embeddable":true,"href":"https:\/\/radiostudiow.com.br\/site\/wp-json\/wp\/v2\/categories?post=20898"},{"taxonomy":"post_tag","embeddable":true,"href":"https:\/\/radiostudiow.com.br\/site\/wp-json\/wp\/v2\/tags?post=20898"}],"curies":[{"name":"wp","href":"https:\/\/api.w.org\/{rel}","templated":true}]}}