{"id":20923,"date":"2024-03-23T10:26:50","date_gmt":"2024-03-23T13:26:50","guid":{"rendered":"https:\/\/radiostudiow.com.br\/site\/?p=20923"},"modified":"2025-01-31T15:02:05","modified_gmt":"2025-01-31T18:02:05","slug":"homem-de-conhecimento-policial-por-roubo-trafico-violencia-domestica-para-no-hospital-apos-ser-agredido-em-bituruna","status":"publish","type":"post","link":"https:\/\/radiostudiow.com.br\/site\/2024\/03\/23\/homem-de-conhecimento-policial-por-roubo-trafico-violencia-domestica-para-no-hospital-apos-ser-agredido-em-bituruna\/","title":{"rendered":"Homem de conhecimento policial por roubo, tr\u00e1fico, viol\u00eancia dom\u00e9stica para no hospital ap\u00f3s ser agredido em Bituruna"},"content":{"rendered":"\n<p>Um morador de Bituruna, o qual \u00e9 conhecido da Pol\u00edcia Militar por ser autor de v\u00e1rios crimes como les\u00e3o corporal, viol\u00eancia dom\u00e9stica, descumprimento de medida protetiva, roubo e tr\u00e1fico de drogas, foi agredido por volta das 12:40 horas dessa quinta-feira (21).<\/p>\n\n\n\n<figure class=\"wp-block-image size-full\"><img decoding=\"async\" src=\"https:\/\/radiostudiow.com.br\/site\/wp-content\/uploads\/2024\/03\/bannertijolao.jpg\" alt=\"\" class=\"wp-image-20494\"\/><\/figure>\n\n\n\n<p>Segundo informa\u00e7\u00f5es, ele teria sofrido as agress\u00f5es em uma \u00e1rea rural e relatou que n\u00e3o sabia informar com exatid\u00e3o quem seriam os poss\u00edveis agressores. Ele deu entrada no hospital apresentando diversas les\u00f5es pelo corpo.<\/p>\n\n\n\n<p>A Pol\u00edcia conversou com o suspeito, o qual ainda relatou que estava sob efeito de drogas e contou para a Pol\u00edcia que estava morando na rua em raz\u00e3o de uma medida protetiva em seu desfavor, expedido pela sua m\u00e3e. O caso foi registrado e orienta\u00e7\u00f5es foram repassadas.<\/p>\n\n\n\n<figure class=\"wp-block-image size-large\"><img decoding=\"async\" src=\"https:\/\/radiostudiow.com.br\/site\/wp-content\/uploads\/2024\/02\/capa-1024x387.jpg\" alt=\"\" class=\"wp-image-19551\"\/><\/figure>\n","protected":false},"excerpt":{"rendered":"<p>Um morador de Bituruna, o qual \u00e9 conhecido da Pol\u00edcia Militar por ser autor de v\u00e1rios crimes como les\u00e3o corporal, viol\u00eancia dom\u00e9stica, descumprimento de medida protetiva, roubo e tr\u00e1fico de drogas, foi agredido por volta das 12:40 horas dessa quinta-feira (21). Segundo informa\u00e7\u00f5es, ele teria sofrido as agress\u00f5es em uma \u00e1rea rural e relatou que [&hellip;]<\/p>\n","protected":false},"author":2,"featured_media":12363,"comment_status":"open","ping_status":"open","sticky":false,"template":"","format":"standard","meta":{"footnotes":""},"categories":[2],"tags":[172],"class_list":["post-20923","post","type-post","status-publish","format-standard","has-post-thumbnail","hentry","category-policial","tag-featured"],"amp_enabled":true,"_links":{"self":[{"href":"https:\/\/radiostudiow.com.br\/site\/wp-json\/wp\/v2\/posts\/20923","targetHints":{"allow":["GET"]}}],"collection":[{"href":"https:\/\/radiostudiow.com.br\/site\/wp-json\/wp\/v2\/posts"}],"about":[{"href":"https:\/\/radiostudiow.com.br\/site\/wp-json\/wp\/v2\/types\/post"}],"author":[{"embeddable":true,"href":"https:\/\/radiostudiow.com.br\/site\/wp-json\/wp\/v2\/users\/2"}],"replies":[{"embeddable":true,"href":"https:\/\/radiostudiow.com.br\/site\/wp-json\/wp\/v2\/comments?post=20923"}],"version-history":[{"count":1,"href":"https:\/\/radiostudiow.com.br\/site\/wp-json\/wp\/v2\/posts\/20923\/revisions"}],"predecessor-version":[{"id":20924,"href":"https:\/\/radiostudiow.com.br\/site\/wp-json\/wp\/v2\/posts\/20923\/revisions\/20924"}],"wp:featuredmedia":[{"embeddable":true,"href":"https:\/\/radiostudiow.com.br\/site\/wp-json\/wp\/v2\/media\/12363"}],"wp:attachment":[{"href":"https:\/\/radiostudiow.com.br\/site\/wp-json\/wp\/v2\/media?parent=20923"}],"wp:term":[{"taxonomy":"category","embeddable":true,"href":"https:\/\/radiostudiow.com.br\/site\/wp-json\/wp\/v2\/categories?post=20923"},{"taxonomy":"post_tag","embeddable":true,"href":"https:\/\/radiostudiow.com.br\/site\/wp-json\/wp\/v2\/tags?post=20923"}],"curies":[{"name":"wp","href":"https:\/\/api.w.org\/{rel}","templated":true}]}}