{"id":20940,"date":"2024-03-25T11:51:19","date_gmt":"2024-03-25T14:51:19","guid":{"rendered":"https:\/\/radiostudiow.com.br\/site\/?p=20940"},"modified":"2025-01-31T14:59:30","modified_gmt":"2025-01-31T17:59:30","slug":"condutor-de-caminhao-e-preso-por-embriaguez-ao-volante","status":"publish","type":"post","link":"https:\/\/radiostudiow.com.br\/site\/2024\/03\/25\/condutor-de-caminhao-e-preso-por-embriaguez-ao-volante\/","title":{"rendered":"Condutor de caminh\u00e3o \u00e9 preso por embriaguez ao volante"},"content":{"rendered":"\n<p>A equipe da Pol\u00edcia Militar de Ant\u00f4nio Olinto encontrava-se realizando opera\u00e7\u00e3o bloqueio, quando em determinado momento um caminh\u00e3o ao se aproximar do local de onde a equipe estava efetuando a abordagem dos ve\u00edculos, passou em alta velocidade pela contra m\u00e3o de dire\u00e7\u00e3o desviando os cones que estavam na via neste domingo (24).<\/p>\n\n\n\n<figure class=\"wp-block-image size-full\"><img decoding=\"async\" src=\"https:\/\/radiostudiow.com.br\/site\/wp-content\/uploads\/2024\/03\/SITE-MEDIO4.png\" alt=\"\" class=\"wp-image-20117\"\/><\/figure>\n\n\n\n<p>A equipe rapidamente embarcou na viatura e deslocou atr\u00e1s do referido ve\u00edculo, sendo abordado o caminh\u00e3o e identificado o condutor.<\/p>\n\n\n\n<p>O condutor apresentava vis\u00edveis sinais de embriaguez, odor et\u00edlico, olhos avermelhados, dificuldade em falar. Foi convidado a realizar o teste de baf\u00f4metro, onde foi realizado tendo como resultado 1,03 mg\/l.<\/p>\n\n\n\n<p>Diante dos fatos foi dado voz de pris\u00e3o ao condutor sendo lhe informado dos seus direitos constitucionais e encaminhado at\u00e9 o pronto atendimento municipal e posteriormente a delegacia de Pol\u00edcia Civil de S\u00e3o Mateus do Sul para as provid\u00eancias cab\u00edveis.<\/p>\n\n\n\n<figure class=\"wp-block-image size-large\"><img decoding=\"async\" src=\"https:\/\/radiostudiow.com.br\/site\/wp-content\/uploads\/2024\/03\/LABIRATI-1024x1024.png\" alt=\"\" class=\"wp-image-20677\"\/><\/figure>\n","protected":false},"excerpt":{"rendered":"<p>A equipe da Pol\u00edcia Militar de Ant\u00f4nio Olinto encontrava-se realizando opera\u00e7\u00e3o bloqueio, quando em determinado momento um caminh\u00e3o ao se aproximar do local de onde a equipe estava efetuando a abordagem dos ve\u00edculos, passou em alta velocidade pela contra m\u00e3o de dire\u00e7\u00e3o desviando os cones que estavam na via neste domingo (24). A equipe rapidamente [&hellip;]<\/p>\n","protected":false},"author":2,"featured_media":12985,"comment_status":"open","ping_status":"open","sticky":false,"template":"","format":"standard","meta":{"footnotes":""},"categories":[2],"tags":[172],"class_list":["post-20940","post","type-post","status-publish","format-standard","has-post-thumbnail","hentry","category-policial","tag-featured"],"amp_enabled":true,"_links":{"self":[{"href":"https:\/\/radiostudiow.com.br\/site\/wp-json\/wp\/v2\/posts\/20940","targetHints":{"allow":["GET"]}}],"collection":[{"href":"https:\/\/radiostudiow.com.br\/site\/wp-json\/wp\/v2\/posts"}],"about":[{"href":"https:\/\/radiostudiow.com.br\/site\/wp-json\/wp\/v2\/types\/post"}],"author":[{"embeddable":true,"href":"https:\/\/radiostudiow.com.br\/site\/wp-json\/wp\/v2\/users\/2"}],"replies":[{"embeddable":true,"href":"https:\/\/radiostudiow.com.br\/site\/wp-json\/wp\/v2\/comments?post=20940"}],"version-history":[{"count":2,"href":"https:\/\/radiostudiow.com.br\/site\/wp-json\/wp\/v2\/posts\/20940\/revisions"}],"predecessor-version":[{"id":20946,"href":"https:\/\/radiostudiow.com.br\/site\/wp-json\/wp\/v2\/posts\/20940\/revisions\/20946"}],"wp:featuredmedia":[{"embeddable":true,"href":"https:\/\/radiostudiow.com.br\/site\/wp-json\/wp\/v2\/media\/12985"}],"wp:attachment":[{"href":"https:\/\/radiostudiow.com.br\/site\/wp-json\/wp\/v2\/media?parent=20940"}],"wp:term":[{"taxonomy":"category","embeddable":true,"href":"https:\/\/radiostudiow.com.br\/site\/wp-json\/wp\/v2\/categories?post=20940"},{"taxonomy":"post_tag","embeddable":true,"href":"https:\/\/radiostudiow.com.br\/site\/wp-json\/wp\/v2\/tags?post=20940"}],"curies":[{"name":"wp","href":"https:\/\/api.w.org\/{rel}","templated":true}]}}