{"id":20960,"date":"2024-03-26T09:45:01","date_gmt":"2024-03-26T12:45:01","guid":{"rendered":"https:\/\/radiostudiow.com.br\/site\/?p=20960"},"modified":"2025-01-31T14:59:30","modified_gmt":"2025-01-31T17:59:30","slug":"homem-tem-mochila-furtada-enquanto-trabalhava-na-localidade-da-colonia-duas","status":"publish","type":"post","link":"https:\/\/radiostudiow.com.br\/site\/2024\/03\/26\/homem-tem-mochila-furtada-enquanto-trabalhava-na-localidade-da-colonia-duas\/","title":{"rendered":"Homem tem mochila furtada enquanto trabalhava na localidade da Col\u00f4nia Duas"},"content":{"rendered":"\n<p>Um homem compareceu ao Pelot\u00e3o da Pol\u00edcia Militar de Mallet por volta das 10:20 horas desse s\u00e1bado, 23 de mar\u00e7o, relatando ser v\u00edtima de um furto.<\/p>\n\n\n\n<figure class=\"wp-block-image size-full\"><img decoding=\"async\" src=\"https:\/\/radiostudiow.com.br\/site\/wp-content\/uploads\/2024\/01\/SITE-GRANDE2.png\" alt=\"\" class=\"wp-image-18938\"\/><\/figure>\n\n\n\n<p>De acordo com o solicitante, ele foi at\u00e9 uma propriedade na localidade da Col\u00f4nia Duas para fazer um conserto de uma cerca de arame que estava danificada e parou alguns metros pr\u00f3ximos a estrada rural para verificar o dano e entrou uns 20 metros para dentro do pasto.<\/p>\n\n\n\n<p>Quando retornou, n\u00e3o avistou mais sua mochila preta que teria alguns pertences pessoais. Realizou buscas pela regi\u00e3o e n\u00e3o localizou a mochila que continha ferramentas, cart\u00e3o de cr\u00e9dito e alguns objetos pessoais.<\/p>\n\n\n\n<figure class=\"wp-block-image size-full\"><img decoding=\"async\" src=\"https:\/\/radiostudiow.com.br\/site\/wp-content\/uploads\/2024\/01\/SITE-PEQUENO3.png\" alt=\"\" class=\"wp-image-18924\"\/><\/figure>\n\n\n\n<p>Diante dos relatos o solicitante foi orientado quanto aos procedimentos cab\u00edveis.<\/p>\n","protected":false},"excerpt":{"rendered":"<p>Um homem compareceu ao Pelot\u00e3o da Pol\u00edcia Militar de Mallet por volta das 10:20 horas desse s\u00e1bado, 23 de mar\u00e7o, relatando ser v\u00edtima de um furto. De acordo com o solicitante, ele foi at\u00e9 uma propriedade na localidade da Col\u00f4nia Duas para fazer um conserto de uma cerca de arame que estava danificada e parou [&hellip;]<\/p>\n","protected":false},"author":2,"featured_media":20237,"comment_status":"open","ping_status":"open","sticky":false,"template":"","format":"standard","meta":{"footnotes":""},"categories":[2],"tags":[172],"class_list":["post-20960","post","type-post","status-publish","format-standard","has-post-thumbnail","hentry","category-policial","tag-featured"],"amp_enabled":true,"_links":{"self":[{"href":"https:\/\/radiostudiow.com.br\/site\/wp-json\/wp\/v2\/posts\/20960","targetHints":{"allow":["GET"]}}],"collection":[{"href":"https:\/\/radiostudiow.com.br\/site\/wp-json\/wp\/v2\/posts"}],"about":[{"href":"https:\/\/radiostudiow.com.br\/site\/wp-json\/wp\/v2\/types\/post"}],"author":[{"embeddable":true,"href":"https:\/\/radiostudiow.com.br\/site\/wp-json\/wp\/v2\/users\/2"}],"replies":[{"embeddable":true,"href":"https:\/\/radiostudiow.com.br\/site\/wp-json\/wp\/v2\/comments?post=20960"}],"version-history":[{"count":2,"href":"https:\/\/radiostudiow.com.br\/site\/wp-json\/wp\/v2\/posts\/20960\/revisions"}],"predecessor-version":[{"id":20976,"href":"https:\/\/radiostudiow.com.br\/site\/wp-json\/wp\/v2\/posts\/20960\/revisions\/20976"}],"wp:featuredmedia":[{"embeddable":true,"href":"https:\/\/radiostudiow.com.br\/site\/wp-json\/wp\/v2\/media\/20237"}],"wp:attachment":[{"href":"https:\/\/radiostudiow.com.br\/site\/wp-json\/wp\/v2\/media?parent=20960"}],"wp:term":[{"taxonomy":"category","embeddable":true,"href":"https:\/\/radiostudiow.com.br\/site\/wp-json\/wp\/v2\/categories?post=20960"},{"taxonomy":"post_tag","embeddable":true,"href":"https:\/\/radiostudiow.com.br\/site\/wp-json\/wp\/v2\/tags?post=20960"}],"curies":[{"name":"wp","href":"https:\/\/api.w.org\/{rel}","templated":true}]}}