{"id":20993,"date":"2024-03-27T10:12:29","date_gmt":"2024-03-27T13:12:29","guid":{"rendered":"https:\/\/radiostudiow.com.br\/site\/?p=20993"},"modified":"2025-01-31T14:59:30","modified_gmt":"2025-01-31T17:59:30","slug":"homem-de-29-anos-e-baleado-em-uniao-da-vitoria","status":"publish","type":"post","link":"https:\/\/radiostudiow.com.br\/site\/2024\/03\/27\/homem-de-29-anos-e-baleado-em-uniao-da-vitoria\/","title":{"rendered":"Homem de 29 anos \u00e9 baleado em Uni\u00e3o da Vit\u00f3ria"},"content":{"rendered":"\n<p>O Corpo de Bombeiros de Uni\u00e3o da Vit\u00f3ria foi acionado para prestar atendimento a uma v\u00edtima de disparos de arma de fogo na antiga estrada de Palmas por volta das 9h20min desta ter\u00e7a-feira (26).<\/p>\n\n\n\n<figure class=\"wp-block-image size-full\"><img decoding=\"async\" src=\"https:\/\/radiostudiow.com.br\/site\/wp-content\/uploads\/2024\/01\/SITE-GRANDE2.png\" alt=\"\" class=\"wp-image-18938\"\/><\/figure>\n\n\n\n<p>No local foi encontrada a v\u00edtima, sendo um homem de 29 anos de idade, o qual foi alvejado diversas vezes na regi\u00e3o das pernas e n\u00e1degas.<\/p>\n\n\n\n<p>Devido a gravidade, a equipe precisou parar no Posto de Sa\u00fade do bairro Limeira para estabilizar a v\u00edtima, ap\u00f3s ele foi encaminhado para um hospital.&nbsp;<\/p>\n\n\n\n<p>A Pol\u00edcia Militar foi acionada para apurar o caso.<\/p>\n","protected":false},"excerpt":{"rendered":"<p>O Corpo de Bombeiros de Uni\u00e3o da Vit\u00f3ria foi acionado para prestar atendimento a uma v\u00edtima de disparos de arma de fogo na antiga estrada de Palmas por volta das 9h20min desta ter\u00e7a-feira (26). No local foi encontrada a v\u00edtima, sendo um homem de 29 anos de idade, o qual foi alvejado diversas vezes na [&hellip;]<\/p>\n","protected":false},"author":2,"featured_media":0,"comment_status":"open","ping_status":"open","sticky":false,"template":"","format":"standard","meta":{"footnotes":""},"categories":[2],"tags":[172],"class_list":["post-20993","post","type-post","status-publish","format-standard","hentry","category-policial","tag-featured"],"amp_enabled":true,"_links":{"self":[{"href":"https:\/\/radiostudiow.com.br\/site\/wp-json\/wp\/v2\/posts\/20993","targetHints":{"allow":["GET"]}}],"collection":[{"href":"https:\/\/radiostudiow.com.br\/site\/wp-json\/wp\/v2\/posts"}],"about":[{"href":"https:\/\/radiostudiow.com.br\/site\/wp-json\/wp\/v2\/types\/post"}],"author":[{"embeddable":true,"href":"https:\/\/radiostudiow.com.br\/site\/wp-json\/wp\/v2\/users\/2"}],"replies":[{"embeddable":true,"href":"https:\/\/radiostudiow.com.br\/site\/wp-json\/wp\/v2\/comments?post=20993"}],"version-history":[{"count":1,"href":"https:\/\/radiostudiow.com.br\/site\/wp-json\/wp\/v2\/posts\/20993\/revisions"}],"predecessor-version":[{"id":20994,"href":"https:\/\/radiostudiow.com.br\/site\/wp-json\/wp\/v2\/posts\/20993\/revisions\/20994"}],"wp:attachment":[{"href":"https:\/\/radiostudiow.com.br\/site\/wp-json\/wp\/v2\/media?parent=20993"}],"wp:term":[{"taxonomy":"category","embeddable":true,"href":"https:\/\/radiostudiow.com.br\/site\/wp-json\/wp\/v2\/categories?post=20993"},{"taxonomy":"post_tag","embeddable":true,"href":"https:\/\/radiostudiow.com.br\/site\/wp-json\/wp\/v2\/tags?post=20993"}],"curies":[{"name":"wp","href":"https:\/\/api.w.org\/{rel}","templated":true}]}}