{"id":20995,"date":"2024-03-27T10:15:56","date_gmt":"2024-03-27T13:15:56","guid":{"rendered":"https:\/\/radiostudiow.com.br\/site\/?p=20995"},"modified":"2025-01-31T14:59:30","modified_gmt":"2025-01-31T17:59:30","slug":"suspeito-pela-morte-de-tales-e-preso-em-uniao-da-vitoria-nesta-terca-feira","status":"publish","type":"post","link":"https:\/\/radiostudiow.com.br\/site\/2024\/03\/27\/suspeito-pela-morte-de-tales-e-preso-em-uniao-da-vitoria-nesta-terca-feira\/","title":{"rendered":"Suspeito pela morte de Tales \u00e9 preso em Uni\u00e3o da Vit\u00f3ria nesta ter\u00e7a-feira"},"content":{"rendered":"\n<p>Os policiais civis da 3\u00aa Subdivis\u00e3o Policial (SDP) de S\u00e3o Mateus do Sul, com apoio da 4\u00aa SDP de Uni\u00e3o da Vit\u00f3ria, cumpriram mandado de pris\u00e3o tempor\u00e1ria expedido pelo Ju\u00edzo Criminal de S\u00e3o Mateus do Sul, referente ao homic\u00eddio praticado em face de Tales Ferreira de Paula por volta das 12 horas dessa ter\u00e7a-feira (26).<\/p>\n\n\n\n<p>O crime cometido no dia 16 de mar\u00e7o, nas imedia\u00e7\u00f5es do Centro da Juventude em S\u00e3o Mateus do Sul.<\/p>\n\n\n\n<figure class=\"wp-block-image size-full\"><img decoding=\"async\" src=\"https:\/\/radiostudiow.com.br\/site\/wp-content\/uploads\/2024\/03\/bannertijolao.jpg\" alt=\"\" class=\"wp-image-20494\"\/><\/figure>\n\n\n\n<p>A investiga\u00e7\u00e3o formalizada no inqu\u00e9rito policial identificou o autor do crime de homic\u00eddio qualificado por emprego de meio cruel, bem como obteve imagens de um sistema de monitoramento que captaram toda a agress\u00e3o direcionada contra a v\u00edtima. Tales Ferreira foi morto com socos, chutes e golpes aplicados com pedras encontradas pelo suspeito no local do crime.<\/p>\n\n\n\n<figure class=\"wp-block-image size-full\"><img decoding=\"async\" src=\"https:\/\/radiostudiow.com.br\/site\/wp-content\/uploads\/2024\/03\/SITE-MEDIO4.png\" alt=\"\" class=\"wp-image-20117\"\/><\/figure>\n\n\n\n<p>O suspeito, ap\u00f3s informa\u00e7\u00f5es an\u00f4nimas, foi encontrado no Munic\u00edpio de Uni\u00e3o da Vit\u00f3ria. A pris\u00e3o tempor\u00e1ria foi decretada pelo prazo de trinta dias e o inqu\u00e9rito policial ser\u00e1 conclu\u00eddo nos pr\u00f3ximos dias com relat\u00f3rio da Autoridade Policial. A identifica\u00e7\u00e3o n\u00e3o foi divulgada pela pol\u00edcia civil.<\/p>\n\n\n\n<p>Informa\u00e7\u00f5es Pol\u00edcia Civil de S\u00e3o Mateus do Sul &#8211; Portal RDX<\/p>\n","protected":false},"excerpt":{"rendered":"<p>Os policiais civis da 3\u00aa Subdivis\u00e3o Policial (SDP) de S\u00e3o Mateus do Sul, com apoio da 4\u00aa SDP de Uni\u00e3o da Vit\u00f3ria, cumpriram mandado de pris\u00e3o tempor\u00e1ria expedido pelo Ju\u00edzo Criminal de S\u00e3o Mateus do Sul, referente ao homic\u00eddio praticado em face de Tales Ferreira de Paula por volta das 12 horas dessa ter\u00e7a-feira (26). [&hellip;]<\/p>\n","protected":false},"author":2,"featured_media":20688,"comment_status":"open","ping_status":"open","sticky":false,"template":"","format":"standard","meta":{"footnotes":""},"categories":[2],"tags":[172],"class_list":["post-20995","post","type-post","status-publish","format-standard","has-post-thumbnail","hentry","category-policial","tag-featured"],"amp_enabled":true,"_links":{"self":[{"href":"https:\/\/radiostudiow.com.br\/site\/wp-json\/wp\/v2\/posts\/20995","targetHints":{"allow":["GET"]}}],"collection":[{"href":"https:\/\/radiostudiow.com.br\/site\/wp-json\/wp\/v2\/posts"}],"about":[{"href":"https:\/\/radiostudiow.com.br\/site\/wp-json\/wp\/v2\/types\/post"}],"author":[{"embeddable":true,"href":"https:\/\/radiostudiow.com.br\/site\/wp-json\/wp\/v2\/users\/2"}],"replies":[{"embeddable":true,"href":"https:\/\/radiostudiow.com.br\/site\/wp-json\/wp\/v2\/comments?post=20995"}],"version-history":[{"count":1,"href":"https:\/\/radiostudiow.com.br\/site\/wp-json\/wp\/v2\/posts\/20995\/revisions"}],"predecessor-version":[{"id":20996,"href":"https:\/\/radiostudiow.com.br\/site\/wp-json\/wp\/v2\/posts\/20995\/revisions\/20996"}],"wp:featuredmedia":[{"embeddable":true,"href":"https:\/\/radiostudiow.com.br\/site\/wp-json\/wp\/v2\/media\/20688"}],"wp:attachment":[{"href":"https:\/\/radiostudiow.com.br\/site\/wp-json\/wp\/v2\/media?parent=20995"}],"wp:term":[{"taxonomy":"category","embeddable":true,"href":"https:\/\/radiostudiow.com.br\/site\/wp-json\/wp\/v2\/categories?post=20995"},{"taxonomy":"post_tag","embeddable":true,"href":"https:\/\/radiostudiow.com.br\/site\/wp-json\/wp\/v2\/tags?post=20995"}],"curies":[{"name":"wp","href":"https:\/\/api.w.org\/{rel}","templated":true}]}}