{"id":21004,"date":"2024-03-27T20:53:20","date_gmt":"2024-03-27T23:53:20","guid":{"rendered":"https:\/\/radiostudiow.com.br\/site\/?p=21004"},"modified":"2025-01-31T14:59:30","modified_gmt":"2025-01-31T17:59:30","slug":"homem-de-57-anos-foi-morto-com-golpes-de-foice-em-uniao-da-vitoria","status":"publish","type":"post","link":"https:\/\/radiostudiow.com.br\/site\/2024\/03\/27\/homem-de-57-anos-foi-morto-com-golpes-de-foice-em-uniao-da-vitoria\/","title":{"rendered":"Homem de 57 anos foi morto com golpes de foice em Uni\u00e3o da Vit\u00f3ria"},"content":{"rendered":"\n<p>A equipe da Pol\u00edcia Militar divulgou mais detalhes sobre a ocorr\u00eancia onde um homem foi encontrado morto em um c\u00f3rrego na regi\u00e3o do bairro Limeira em Uni\u00e3o da Vit\u00f3ria de hoje quarta-feira (27).<\/p>\n\n\n\n<figure class=\"wp-block-image size-large\"><img decoding=\"async\" src=\"https:\/\/radiostudiow.com.br\/site\/wp-content\/uploads\/2024\/02\/capa-1024x387.jpg\" alt=\"\" class=\"wp-image-19551\"\/><\/figure>\n\n\n\n<p>De acordo com informa\u00e7\u00f5es policiais, o homem tinha 57 anos de idade, e foi morto com golpes de foice. Segundo testemunhas, ele estava em sua casa que foi invadida por um indiv\u00edduo. Para se defender, a v\u00edtima teria pegado uma foice, sendo iniciada uma briga que se estendeu para a parte externa da resid\u00eancia, seguindo para pr\u00f3ximo ao c\u00f3rrego.<\/p>\n\n\n\n<p>No local, a v\u00edtima acabou levando golpes e morreu, sendo encontrado por populares sobre o rio. O autor fugiu e ainda n\u00e3o foi encontrado, no entanto, j\u00e1 h\u00e1 informa\u00e7\u00f5es sobre quem \u00e9 o suspeito. O corpo foi encaminhado ao IML.<\/p>\n\n\n\n<p><a href=\"https:\/\/canal4.tv.br\/wp-content\/uploads\/2024\/03\/Sem-titulofdsgrwegeryuhqatghujwthadtguywstghj.jpg\"><\/a><\/p>\n\n\n\n<figure class=\"wp-block-image size-full\"><img decoding=\"async\" src=\"https:\/\/radiostudiow.com.br\/site\/wp-content\/uploads\/2024\/01\/SITE-PEQUENO3.png\" alt=\"\" class=\"wp-image-18924\"\/><\/figure>\n","protected":false},"excerpt":{"rendered":"<p>A equipe da Pol\u00edcia Militar divulgou mais detalhes sobre a ocorr\u00eancia onde um homem foi encontrado morto em um c\u00f3rrego na regi\u00e3o do bairro Limeira em Uni\u00e3o da Vit\u00f3ria de hoje quarta-feira (27). De acordo com informa\u00e7\u00f5es policiais, o homem tinha 57 anos de idade, e foi morto com golpes de foice. Segundo testemunhas, ele [&hellip;]<\/p>\n","protected":false},"author":2,"featured_media":21011,"comment_status":"open","ping_status":"open","sticky":false,"template":"","format":"standard","meta":{"footnotes":""},"categories":[2],"tags":[172],"class_list":["post-21004","post","type-post","status-publish","format-standard","has-post-thumbnail","hentry","category-policial","tag-featured"],"amp_enabled":true,"_links":{"self":[{"href":"https:\/\/radiostudiow.com.br\/site\/wp-json\/wp\/v2\/posts\/21004","targetHints":{"allow":["GET"]}}],"collection":[{"href":"https:\/\/radiostudiow.com.br\/site\/wp-json\/wp\/v2\/posts"}],"about":[{"href":"https:\/\/radiostudiow.com.br\/site\/wp-json\/wp\/v2\/types\/post"}],"author":[{"embeddable":true,"href":"https:\/\/radiostudiow.com.br\/site\/wp-json\/wp\/v2\/users\/2"}],"replies":[{"embeddable":true,"href":"https:\/\/radiostudiow.com.br\/site\/wp-json\/wp\/v2\/comments?post=21004"}],"version-history":[{"count":2,"href":"https:\/\/radiostudiow.com.br\/site\/wp-json\/wp\/v2\/posts\/21004\/revisions"}],"predecessor-version":[{"id":21012,"href":"https:\/\/radiostudiow.com.br\/site\/wp-json\/wp\/v2\/posts\/21004\/revisions\/21012"}],"wp:featuredmedia":[{"embeddable":true,"href":"https:\/\/radiostudiow.com.br\/site\/wp-json\/wp\/v2\/media\/21011"}],"wp:attachment":[{"href":"https:\/\/radiostudiow.com.br\/site\/wp-json\/wp\/v2\/media?parent=21004"}],"wp:term":[{"taxonomy":"category","embeddable":true,"href":"https:\/\/radiostudiow.com.br\/site\/wp-json\/wp\/v2\/categories?post=21004"},{"taxonomy":"post_tag","embeddable":true,"href":"https:\/\/radiostudiow.com.br\/site\/wp-json\/wp\/v2\/tags?post=21004"}],"curies":[{"name":"wp","href":"https:\/\/api.w.org\/{rel}","templated":true}]}}