{"id":21006,"date":"2024-03-28T10:45:11","date_gmt":"2024-03-28T13:45:11","guid":{"rendered":"https:\/\/radiostudiow.com.br\/site\/?p=21006"},"modified":"2025-01-31T14:59:29","modified_gmt":"2025-01-31T17:59:29","slug":"homem-e-baleado-por-espingarda-enquanto-rocava-terreno-em-uniao-da-vitoria","status":"publish","type":"post","link":"https:\/\/radiostudiow.com.br\/site\/2024\/03\/28\/homem-e-baleado-por-espingarda-enquanto-rocava-terreno-em-uniao-da-vitoria\/","title":{"rendered":"Homem \u00e9 baleado por espingarda enquanto ro\u00e7ava terreno em Uni\u00e3o da Vit\u00f3ria"},"content":{"rendered":"\n<p>A equipe da Pol\u00edcia Militar de Uni\u00e3o da Vit\u00f3ria foi acionada para se deslocar at\u00e9 o bairro Limeira por volta das 09:15 horas dessa ter\u00e7a-feira, 26 de mar\u00e7o, ap\u00f3s ocorrer uma situa\u00e7\u00e3o de disparo de arma de fogo.<\/p>\n\n\n\n<figure class=\"wp-block-image size-large\"><img decoding=\"async\" src=\"https:\/\/radiostudiow.com.br\/site\/wp-content\/uploads\/2024\/03\/image-47-1024x390.png\" alt=\"\" class=\"wp-image-20879\"\/><\/figure>\n\n\n\n<p>No local, os policiais entraram em contato com o solicitante, o qual passou a informar que um teria realizado o disparo da arma de fogo em seu ajudante que estava ro\u00e7ando um terreno.<\/p>\n\n\n\n<p>Diante das informa\u00e7\u00f5es os policiais realizaram buscas tanto no terreno onde aconteceu o disparo e realizou patrulhamento pelas proximidades do local.<\/p>\n\n\n\n<p>A informa\u00e7\u00e3o da testemunha, que estava trabalhando com a ro\u00e7adeira em um local longe da v\u00edtima, momento que escutou um estrondo, pensando que poderia ser a ro\u00e7adeira, correu para verificar o que havia acontecido.<\/p>\n\n\n\n<figure class=\"wp-block-image size-full\"><img decoding=\"async\" src=\"https:\/\/radiostudiow.com.br\/site\/wp-content\/uploads\/2024\/03\/SITE-MEDIO5.png\" alt=\"\" class=\"wp-image-20406\"\/><\/figure>\n\n\n\n<p>Quando escutou e visualizou a v\u00edtima ao solo, constatando pelos ferimentos que era um disparo de arma de fogo e poderia ser de uma espingarda. O solicitante disse que o motivo poderia ser uma antiga briga por causa de terrenos.<\/p>\n\n\n\n<p>A v\u00edtima foi encaminhada para o Hospital antes mesmo da chegada da equipe policial, que ap\u00f3s entrou em contato com o m\u00e9dico, o qual afirmou que o homem passaria por procedimento cir\u00fargico para a remo\u00e7\u00e3o dos proj\u00e9teis sem risco de vida.<\/p>\n","protected":false},"excerpt":{"rendered":"<p>A equipe da Pol\u00edcia Militar de Uni\u00e3o da Vit\u00f3ria foi acionada para se deslocar at\u00e9 o bairro Limeira por volta das 09:15 horas dessa ter\u00e7a-feira, 26 de mar\u00e7o, ap\u00f3s ocorrer uma situa\u00e7\u00e3o de disparo de arma de fogo. No local, os policiais entraram em contato com o solicitante, o qual passou a informar que um [&hellip;]<\/p>\n","protected":false},"author":2,"featured_media":14208,"comment_status":"open","ping_status":"open","sticky":false,"template":"","format":"standard","meta":{"footnotes":""},"categories":[2],"tags":[172],"class_list":["post-21006","post","type-post","status-publish","format-standard","has-post-thumbnail","hentry","category-policial","tag-featured"],"amp_enabled":true,"_links":{"self":[{"href":"https:\/\/radiostudiow.com.br\/site\/wp-json\/wp\/v2\/posts\/21006","targetHints":{"allow":["GET"]}}],"collection":[{"href":"https:\/\/radiostudiow.com.br\/site\/wp-json\/wp\/v2\/posts"}],"about":[{"href":"https:\/\/radiostudiow.com.br\/site\/wp-json\/wp\/v2\/types\/post"}],"author":[{"embeddable":true,"href":"https:\/\/radiostudiow.com.br\/site\/wp-json\/wp\/v2\/users\/2"}],"replies":[{"embeddable":true,"href":"https:\/\/radiostudiow.com.br\/site\/wp-json\/wp\/v2\/comments?post=21006"}],"version-history":[{"count":2,"href":"https:\/\/radiostudiow.com.br\/site\/wp-json\/wp\/v2\/posts\/21006\/revisions"}],"predecessor-version":[{"id":21015,"href":"https:\/\/radiostudiow.com.br\/site\/wp-json\/wp\/v2\/posts\/21006\/revisions\/21015"}],"wp:featuredmedia":[{"embeddable":true,"href":"https:\/\/radiostudiow.com.br\/site\/wp-json\/wp\/v2\/media\/14208"}],"wp:attachment":[{"href":"https:\/\/radiostudiow.com.br\/site\/wp-json\/wp\/v2\/media?parent=21006"}],"wp:term":[{"taxonomy":"category","embeddable":true,"href":"https:\/\/radiostudiow.com.br\/site\/wp-json\/wp\/v2\/categories?post=21006"},{"taxonomy":"post_tag","embeddable":true,"href":"https:\/\/radiostudiow.com.br\/site\/wp-json\/wp\/v2\/tags?post=21006"}],"curies":[{"name":"wp","href":"https:\/\/api.w.org\/{rel}","templated":true}]}}