{"id":21018,"date":"2024-03-28T19:33:47","date_gmt":"2024-03-28T22:33:47","guid":{"rendered":"https:\/\/radiostudiow.com.br\/site\/?p=21018"},"modified":"2025-01-31T14:59:29","modified_gmt":"2025-01-31T17:59:29","slug":"homem-e-preso-por-descumprir-medida-protetiva-em-mallet","status":"publish","type":"post","link":"https:\/\/radiostudiow.com.br\/site\/2024\/03\/28\/homem-e-preso-por-descumprir-medida-protetiva-em-mallet\/","title":{"rendered":"Homem \u00e9 preso por descumprir medida protetiva em Mallet"},"content":{"rendered":"\n<p>A equipe da Pol\u00edcia Militar de Mallet recebeu uma solicita\u00e7\u00e3o para se deslocar at\u00e9 o bairro Bela Vista dessa quarta-feira, 27 de mar\u00e7o, para atender uma situa\u00e7\u00e3o de descumprimento de decis\u00e3o Judicial de medida protetiva.<\/p>\n\n\n\n<figure class=\"wp-block-image size-full\"><img loading=\"lazy\" decoding=\"async\" width=\"897\" height=\"204\" src=\"https:\/\/radiostudiow.com.br\/site\/wp-content\/uploads\/2024\/01\/SITE-GRANDE3.png\" alt=\"zaions\" class=\"wp-image-18936\" srcset=\"https:\/\/radiostudiow.com.br\/site\/wp-content\/uploads\/2024\/01\/SITE-GRANDE3.png 897w, https:\/\/radiostudiow.com.br\/site\/wp-content\/uploads\/2024\/01\/SITE-GRANDE3-300x68.png 300w, https:\/\/radiostudiow.com.br\/site\/wp-content\/uploads\/2024\/01\/SITE-GRANDE3-768x175.png 768w\" sizes=\"auto, (max-width: 897px) 100vw, 897px\" \/><\/figure>\n\n\n\n<p>De acordo com a solicitante, possu\u00ed medida protetiva de urg\u00eancia em desfvor de seu ex-marido e ele estaria na sua resid\u00eancia por volta das 12:30 horas.<\/p>\n\n\n\n<p>No local os policiais constataram o fato, perguntando ao autor se tinha ci\u00eancia da medida e respondeu que sim. Foi dada voz de pris\u00e3o, lidos seus direitos constitucionais e encaminhado para a 4\u00aa SDP de Uni\u00e3o da Vit\u00f3ria para os procedimentos cab\u00edveis.<\/p>\n\n\n\n<figure class=\"wp-block-image size-large\"><img decoding=\"async\" src=\"https:\/\/radiostudiow.com.br\/site\/wp-content\/uploads\/2024\/03\/LABIRATI-1024x1024.png\" alt=\"\" class=\"wp-image-20677\"\/><\/figure>\n","protected":false},"excerpt":{"rendered":"<p>A equipe da Pol\u00edcia Militar de Mallet recebeu uma solicita\u00e7\u00e3o para se deslocar at\u00e9 o bairro Bela Vista dessa quarta-feira, 27 de mar\u00e7o, para atender uma situa\u00e7\u00e3o de descumprimento de decis\u00e3o Judicial de medida protetiva. De acordo com a solicitante, possu\u00ed medida protetiva de urg\u00eancia em desfvor de seu ex-marido e ele estaria na sua [&hellip;]<\/p>\n","protected":false},"author":2,"featured_media":20237,"comment_status":"open","ping_status":"open","sticky":false,"template":"","format":"standard","meta":{"footnotes":""},"categories":[2],"tags":[172],"class_list":["post-21018","post","type-post","status-publish","format-standard","has-post-thumbnail","hentry","category-policial","tag-featured"],"amp_enabled":true,"_links":{"self":[{"href":"https:\/\/radiostudiow.com.br\/site\/wp-json\/wp\/v2\/posts\/21018","targetHints":{"allow":["GET"]}}],"collection":[{"href":"https:\/\/radiostudiow.com.br\/site\/wp-json\/wp\/v2\/posts"}],"about":[{"href":"https:\/\/radiostudiow.com.br\/site\/wp-json\/wp\/v2\/types\/post"}],"author":[{"embeddable":true,"href":"https:\/\/radiostudiow.com.br\/site\/wp-json\/wp\/v2\/users\/2"}],"replies":[{"embeddable":true,"href":"https:\/\/radiostudiow.com.br\/site\/wp-json\/wp\/v2\/comments?post=21018"}],"version-history":[{"count":2,"href":"https:\/\/radiostudiow.com.br\/site\/wp-json\/wp\/v2\/posts\/21018\/revisions"}],"predecessor-version":[{"id":21027,"href":"https:\/\/radiostudiow.com.br\/site\/wp-json\/wp\/v2\/posts\/21018\/revisions\/21027"}],"wp:featuredmedia":[{"embeddable":true,"href":"https:\/\/radiostudiow.com.br\/site\/wp-json\/wp\/v2\/media\/20237"}],"wp:attachment":[{"href":"https:\/\/radiostudiow.com.br\/site\/wp-json\/wp\/v2\/media?parent=21018"}],"wp:term":[{"taxonomy":"category","embeddable":true,"href":"https:\/\/radiostudiow.com.br\/site\/wp-json\/wp\/v2\/categories?post=21018"},{"taxonomy":"post_tag","embeddable":true,"href":"https:\/\/radiostudiow.com.br\/site\/wp-json\/wp\/v2\/tags?post=21018"}],"curies":[{"name":"wp","href":"https:\/\/api.w.org\/{rel}","templated":true}]}}