{"id":21029,"date":"2024-03-28T20:38:40","date_gmt":"2024-03-28T23:38:40","guid":{"rendered":"https:\/\/radiostudiow.com.br\/site\/?p=21029"},"modified":"2025-01-31T14:59:29","modified_gmt":"2025-01-31T17:59:29","slug":"homem-e-esfaqueado-em-general-carneiro","status":"publish","type":"post","link":"https:\/\/radiostudiow.com.br\/site\/2024\/03\/28\/homem-e-esfaqueado-em-general-carneiro\/","title":{"rendered":"Homem \u00e9 esfaqueado em General Carneiro"},"content":{"rendered":"\n<p>Um homem que teve o nome preservado neste primeiro momento, foi esfaqueado durante o meio da tarde desta quinta-feira, 28 de mar\u00e7o, na cidade de General Carneiro.<\/p>\n\n\n\n<figure class=\"wp-block-image size-full\"><img decoding=\"async\" src=\"https:\/\/radiostudiow.com.br\/site\/wp-content\/uploads\/2024\/03\/SITE-MEDIO5.png\" alt=\"\" class=\"wp-image-20406\"\/><\/figure>\n\n\n\n<p>De acordo com informa\u00e7\u00f5es, o homem foi esfaqueado no bairro Monte Castelo, na rua Esteliano Pizzatto. Ele foi rapidamente socorrido pela equipe do Pronto Atendimento&nbsp;e encaminhado para cuidados m\u00e9dicos.<\/p>\n\n\n\n<p>O autor fugiu do local tomando rumo ignorado. A Pol\u00edcia Militar foi acionada e j\u00e1 realiza buscas a afim d\u00ea localiza-l\u00f3.<\/p>\n\n\n\n<p><a href=\"https:\/\/canal4.tv.br\/wp-content\/uploads\/2024\/03\/IMG_4891-e1711658228345.jpeg\"><\/a><\/p>\n","protected":false},"excerpt":{"rendered":"<p>Um homem que teve o nome preservado neste primeiro momento, foi esfaqueado durante o meio da tarde desta quinta-feira, 28 de mar\u00e7o, na cidade de General Carneiro. De acordo com informa\u00e7\u00f5es, o homem foi esfaqueado no bairro Monte Castelo, na rua Esteliano Pizzatto. Ele foi rapidamente socorrido pela equipe do Pronto Atendimento&nbsp;e encaminhado para cuidados [&hellip;]<\/p>\n","protected":false},"author":2,"featured_media":21030,"comment_status":"open","ping_status":"open","sticky":false,"template":"","format":"standard","meta":{"footnotes":""},"categories":[2],"tags":[172],"class_list":["post-21029","post","type-post","status-publish","format-standard","has-post-thumbnail","hentry","category-policial","tag-featured"],"amp_enabled":true,"_links":{"self":[{"href":"https:\/\/radiostudiow.com.br\/site\/wp-json\/wp\/v2\/posts\/21029","targetHints":{"allow":["GET"]}}],"collection":[{"href":"https:\/\/radiostudiow.com.br\/site\/wp-json\/wp\/v2\/posts"}],"about":[{"href":"https:\/\/radiostudiow.com.br\/site\/wp-json\/wp\/v2\/types\/post"}],"author":[{"embeddable":true,"href":"https:\/\/radiostudiow.com.br\/site\/wp-json\/wp\/v2\/users\/2"}],"replies":[{"embeddable":true,"href":"https:\/\/radiostudiow.com.br\/site\/wp-json\/wp\/v2\/comments?post=21029"}],"version-history":[{"count":1,"href":"https:\/\/radiostudiow.com.br\/site\/wp-json\/wp\/v2\/posts\/21029\/revisions"}],"predecessor-version":[{"id":21031,"href":"https:\/\/radiostudiow.com.br\/site\/wp-json\/wp\/v2\/posts\/21029\/revisions\/21031"}],"wp:featuredmedia":[{"embeddable":true,"href":"https:\/\/radiostudiow.com.br\/site\/wp-json\/wp\/v2\/media\/21030"}],"wp:attachment":[{"href":"https:\/\/radiostudiow.com.br\/site\/wp-json\/wp\/v2\/media?parent=21029"}],"wp:term":[{"taxonomy":"category","embeddable":true,"href":"https:\/\/radiostudiow.com.br\/site\/wp-json\/wp\/v2\/categories?post=21029"},{"taxonomy":"post_tag","embeddable":true,"href":"https:\/\/radiostudiow.com.br\/site\/wp-json\/wp\/v2\/tags?post=21029"}],"curies":[{"name":"wp","href":"https:\/\/api.w.org\/{rel}","templated":true}]}}