{"id":21032,"date":"2024-03-28T20:41:33","date_gmt":"2024-03-28T23:41:33","guid":{"rendered":"https:\/\/radiostudiow.com.br\/site\/?p=21032"},"modified":"2025-01-31T14:59:29","modified_gmt":"2025-01-31T17:59:29","slug":"pm-de-sao-mateus-do-sul-apreende-espingarda-e-municao-apos-denuncia-de-violencia-domestica","status":"publish","type":"post","link":"https:\/\/radiostudiow.com.br\/site\/2024\/03\/28\/pm-de-sao-mateus-do-sul-apreende-espingarda-e-municao-apos-denuncia-de-violencia-domestica\/","title":{"rendered":"PM de S\u00e3o Mateus do Sul apreende espingarda e muni\u00e7\u00e3o ap\u00f3s den\u00fancia de viol\u00eancia dom\u00e9stica"},"content":{"rendered":"\n<p>Ap\u00f3s receber uma den\u00fancia de viol\u00eancia dom\u00e9stica, a Pol\u00edcia Militar apreendeu uma arma de fogo e muni\u00e7\u00e3o na Vila Nova, em S\u00e3o Mateus do Sul. A ocorr\u00eancia foi registrada por volta de 23 horas desta quarta-feira (27).<\/p>\n\n\n\n<figure class=\"wp-block-image size-full\"><img decoding=\"async\" src=\"https:\/\/radiostudiow.com.br\/site\/wp-content\/uploads\/2024\/03\/bannertijolao.jpg\" alt=\"\" class=\"wp-image-20494\"\/><\/figure>\n\n\n\n<p>Ao chegarem no local, os policiais encontraram o port\u00e3o aberto e entraram no terreno, sendo que na \u00e1rea externa da resid\u00eancia havia uma espingarda calibre 36 e uma muni\u00e7\u00e3o intacta. Em seguida, o filho do propriet\u00e1rio chegou relatando que seu pai mora em uma casa e sua m\u00e3e em outra ao lado.<\/p>\n\n\n\n<p>Segundo o rapaz, seus pais haviam discutido momentos antes da chegada da PM, e que o pai havia se evadido, e a mulher preferiu n\u00e3o conversar com os policiais. O filho disse n\u00e3o ter conhecimento e nem soube informar da origem da arma de fogo.<\/p>\n\n\n\n<figure class=\"wp-block-image size-full\"><img decoding=\"async\" src=\"https:\/\/radiostudiow.com.br\/site\/wp-content\/uploads\/2024\/01\/SITE-GRANDE2.png\" alt=\"\" class=\"wp-image-18938\"\/><\/figure>\n\n\n\n<p>A PM realizou buscas nas imedia\u00e7\u00f5es na tentativa de localizar o poss\u00edvel autor, mas ningu\u00e9m foi encontrado. A arma e a muni\u00e7\u00e3o foram encaminhadas \u00e0 delegacia de Pol\u00edcia Civil.<\/p>\n","protected":false},"excerpt":{"rendered":"<p>Ap\u00f3s receber uma den\u00fancia de viol\u00eancia dom\u00e9stica, a Pol\u00edcia Militar apreendeu uma arma de fogo e muni\u00e7\u00e3o na Vila Nova, em S\u00e3o Mateus do Sul. A ocorr\u00eancia foi registrada por volta de 23 horas desta quarta-feira (27). Ao chegarem no local, os policiais encontraram o port\u00e3o aberto e entraram no terreno, sendo que na \u00e1rea [&hellip;]<\/p>\n","protected":false},"author":2,"featured_media":21033,"comment_status":"open","ping_status":"open","sticky":false,"template":"","format":"standard","meta":{"footnotes":""},"categories":[2],"tags":[172],"class_list":["post-21032","post","type-post","status-publish","format-standard","has-post-thumbnail","hentry","category-policial","tag-featured"],"amp_enabled":true,"_links":{"self":[{"href":"https:\/\/radiostudiow.com.br\/site\/wp-json\/wp\/v2\/posts\/21032","targetHints":{"allow":["GET"]}}],"collection":[{"href":"https:\/\/radiostudiow.com.br\/site\/wp-json\/wp\/v2\/posts"}],"about":[{"href":"https:\/\/radiostudiow.com.br\/site\/wp-json\/wp\/v2\/types\/post"}],"author":[{"embeddable":true,"href":"https:\/\/radiostudiow.com.br\/site\/wp-json\/wp\/v2\/users\/2"}],"replies":[{"embeddable":true,"href":"https:\/\/radiostudiow.com.br\/site\/wp-json\/wp\/v2\/comments?post=21032"}],"version-history":[{"count":1,"href":"https:\/\/radiostudiow.com.br\/site\/wp-json\/wp\/v2\/posts\/21032\/revisions"}],"predecessor-version":[{"id":21034,"href":"https:\/\/radiostudiow.com.br\/site\/wp-json\/wp\/v2\/posts\/21032\/revisions\/21034"}],"wp:featuredmedia":[{"embeddable":true,"href":"https:\/\/radiostudiow.com.br\/site\/wp-json\/wp\/v2\/media\/21033"}],"wp:attachment":[{"href":"https:\/\/radiostudiow.com.br\/site\/wp-json\/wp\/v2\/media?parent=21032"}],"wp:term":[{"taxonomy":"category","embeddable":true,"href":"https:\/\/radiostudiow.com.br\/site\/wp-json\/wp\/v2\/categories?post=21032"},{"taxonomy":"post_tag","embeddable":true,"href":"https:\/\/radiostudiow.com.br\/site\/wp-json\/wp\/v2\/tags?post=21032"}],"curies":[{"name":"wp","href":"https:\/\/api.w.org\/{rel}","templated":true}]}}